{"id":4878,"date":"2020-12-17T14:53:52","date_gmt":"2020-12-17T13:53:52","guid":{"rendered":"http:\/\/spd-stadtrat.de\/?p=4878"},"modified":"2020-12-17T14:58:06","modified_gmt":"2020-12-17T13:58:06","slug":"corona-verlangt-eine-besondere-verantwortung-von-uns-allen","status":"publish","type":"post","link":"https:\/\/spd-stadtrat.de\/?p=4878","title":{"rendered":"Corona verlangt eine besondere Verantwortung von uns allen"},"content":{"rendered":"\n<p class=\"has-text-align-right\">Regensburg, 16.12.2020<\/p>\n\n\n\n<p>Man kann zu dem Vorgehen und der zugrunde liegenden Motivation der bayerischen Staatsregierung stehen, wie man will &#8211; ich selbst stehe diesem Handeln seit Monaten sehr kritisch gegen\u00fcber. Aber es ist nun einmal so: Seit Mittwoch gelten drastische und nicht unbedenkliche Einschr\u00e4nkungen f\u00fcr alle von uns.<\/p>\n\n\n\n<figure class=\"wp-block-image size-large is-resized\"><img loading=\"lazy\" src=\"http:\/\/spd-stadtrat.de\/wp-content\/uploads\/2020\/02\/PM_Versetzung_Statue_Nepomuk-1024x768.jpg\" alt=\"\" class=\"wp-image-4071\" width=\"258\" height=\"193\" srcset=\"https:\/\/spd-stadtrat.de\/wp-content\/uploads\/2020\/02\/PM_Versetzung_Statue_Nepomuk-1024x768.jpg 1024w, https:\/\/spd-stadtrat.de\/wp-content\/uploads\/2020\/02\/PM_Versetzung_Statue_Nepomuk-300x225.jpg 300w, https:\/\/spd-stadtrat.de\/wp-content\/uploads\/2020\/02\/PM_Versetzung_Statue_Nepomuk-768x576.jpg 768w, https:\/\/spd-stadtrat.de\/wp-content\/uploads\/2020\/02\/PM_Versetzung_Statue_Nepomuk-600x450.jpg 600w, https:\/\/spd-stadtrat.de\/wp-content\/uploads\/2020\/02\/PM_Versetzung_Statue_Nepomuk-1536x1152.jpg 1536w, https:\/\/spd-stadtrat.de\/wp-content\/uploads\/2020\/02\/PM_Versetzung_Statue_Nepomuk-2048x1536.jpg 2048w\" sizes=\"(max-width: 258px) 100vw, 258px\" \/><\/figure>\n\n\n\n<p>Da ist schwer vermittelbar, dass sich &#8222;die Politik&#8220; dann aber in gro\u00dfer Runde selbst zu stundenlangen Sitzungen trifft. Schlie\u00dflich hat &#8222;die Politik&#8220; auch die drastischen Einschr\u00e4nkungen beschlossen; die \u00f6ffentliche Wahrnehmung differenziert hier oft nicht zwischen den verschiedenen politischen Ebenen und Zust\u00e4ndigkeiten. Deshalb werde ich auf meine Haushaltsrede im Plenum verzichten und sie stattdessen schriftlich zum Nachlesen zur Verf\u00fcgung stellen. Eine einfache Entscheidung ist dies sicherlich nicht, da Demokratie nat\u00fcrlich von der Debatte lebt &#8211; insbesondere bei so fundamental wichtigen Beschl\u00fcssen wie denen zum Haushaltspaket.<\/p>\n\n\n\n<p>Genau die zentrale Bedeutung dieser Beschl\u00fcsse ist aber zugleich der Grund, warum die Sitzung des Stadtrats aus meiner Sicht stattfinden musste &#8211; vor allem in diesen schwierigen Zeiten, die wir gerade erleben. Wir m\u00fcssen in besonderer Weise handlungsf\u00e4hig bleiben, Stellen m\u00fcssen besetzt und Investitionen auf den Weg gebracht werden. Und da die rechtlichen Rahmenbedingungen keine Alternative zur Pr\u00e4senzsitzung zulassen, mussten wir uns treffen &#8211; jedoch mit umfangreichen Schutzma\u00dfnahmen und mit m\u00f6glichst kurzer Sitzungsdauer. Mit den r\u00e4umlichen Rahmenbedingungen im Marinaforum als Sitzungsort f\u00fcrs Plenum hat die Stadt Regensburg schon sehr gute Vorarbeit geleistet.<\/p>\n\n\n\n<p>Bleiben Sie gesund!<\/p>\n\n\n\n<p>Herzliche Gr\u00fc\u00dfe,&nbsp;<\/p>\n\n\n\n<p>Thomas Burger\u00a0<br>Vorsitzender der SPD-Stadtratsfraktion<\/p>\n","protected":false},"excerpt":{"rendered":"<p>Regensburg, 16.12.2020 Man kann zu dem Vorgehen und der zugrunde liegenden Motivation der bayerischen Staatsregierung stehen, wie man will &#8211; ich selbst stehe diesem Handeln seit Monaten sehr kritisch gegen\u00fcber. Aber es ist nun einmal so: Seit Mittwoch gelten drastische<\/p>\n","protected":false},"author":6,"featured_media":0,"comment_status":"closed","ping_status":"open","sticky":false,"template":"","format":"standard","meta":{"ngg_post_thumbnail":0},"categories":[1],"tags":[],"jetpack_featured_media_url":"","_links":{"self":[{"href":"https:\/\/spd-stadtrat.de\/index.php?rest_route=\/wp\/v2\/posts\/4878"}],"collection":[{"href":"https:\/\/spd-stadtrat.de\/index.php?rest_route=\/wp\/v2\/posts"}],"about":[{"href":"https:\/\/spd-stadtrat.de\/index.php?rest_route=\/wp\/v2\/types\/post"}],"author":[{"embeddable":true,"href":"https:\/\/spd-stadtrat.de\/index.php?rest_route=\/wp\/v2\/users\/6"}],"replies":[{"embeddable":true,"href":"https:\/\/spd-stadtrat.de\/index.php?rest_route=%2Fwp%2Fv2%2Fcomments&post=4878"}],"version-history":[{"count":4,"href":"https:\/\/spd-stadtrat.de\/index.php?rest_route=\/wp\/v2\/posts\/4878\/revisions"}],"predecessor-version":[{"id":4883,"href":"https:\/\/spd-stadtrat.de\/index.php?rest_route=\/wp\/v2\/posts\/4878\/revisions\/4883"}],"wp:attachment":[{"href":"https:\/\/spd-stadtrat.de\/index.php?rest_route=%2Fwp%2Fv2%2Fmedia&parent=4878"}],"wp:term":[{"taxonomy":"category","embeddable":true,"href":"https:\/\/spd-stadtrat.de\/index.php?rest_route=%2Fwp%2Fv2%2Fcategories&post=4878"},{"taxonomy":"post_tag","embeddable":true,"href":"https:\/\/spd-stadtrat.de\/index.php?rest_route=%2Fwp%2Fv2%2Ftags&post=4878"}],"curies":[{"name":"wp","href":"https:\/\/api.w.org\/{rel}","templated":true}]}}