{"id":4885,"date":"2020-12-18T07:29:10","date_gmt":"2020-12-18T06:29:10","guid":{"rendered":"http:\/\/spd-stadtrat.de\/?p=4885"},"modified":"2020-12-18T06:30:08","modified_gmt":"2020-12-18T05:30:08","slug":"wintersport-in-regensburg-positive-antwort-der-oberbuergermeisterin","status":"publish","type":"post","link":"https:\/\/spd-stadtrat.de\/?p=4885","title":{"rendered":"Wintersport in Regensburg: Positive Antwort der Oberb\u00fcrgermeisterin"},"content":{"rendered":"\n<p class=\"has-text-align-right\">Regensburg, 18.12.2020<\/p>\n\n\n\n<p>\u201eJetzt fehlt nur noch der Schnee\u201c, freut sich Stadtr\u00e4tin Evelyn Kolbe-Stockert. Oberb\u00fcrgermeisterin Maltz-Schwarzfischer beantwortete die Anfrage der SPD-Stadtratsfraktion, ob im Winter 2020\/21 insbesondere aufgrund der besonderen Corona-Randbedingungen wieder Langlaufloipen im Stadtgebiet eingerichtet werden k\u00f6nnten, sehr positiv.<\/p>\n\n\n\n<figure class=\"wp-block-image size-large is-resized\"><img loading=\"lazy\" src=\"https:\/\/spd-stadtrat.de\/wp-content\/uploads\/2020\/12\/Spuren-im-Schnee-2-1024x682.jpg\" alt=\"\" class=\"wp-image-4887\" width=\"340\" height=\"226\" srcset=\"https:\/\/spd-stadtrat.de\/wp-content\/uploads\/2020\/12\/Spuren-im-Schnee-2-1024x682.jpg 1024w, https:\/\/spd-stadtrat.de\/wp-content\/uploads\/2020\/12\/Spuren-im-Schnee-2-300x200.jpg 300w, https:\/\/spd-stadtrat.de\/wp-content\/uploads\/2020\/12\/Spuren-im-Schnee-2-768x512.jpg 768w, https:\/\/spd-stadtrat.de\/wp-content\/uploads\/2020\/12\/Spuren-im-Schnee-2-600x400.jpg 600w, https:\/\/spd-stadtrat.de\/wp-content\/uploads\/2020\/12\/Spuren-im-Schnee-2.jpg 1229w\" sizes=\"(max-width: 340px) 100vw, 340px\" \/><\/figure>\n\n\n\n<p>Das Stadtgartenamt wird das Schneemobil und das vorhandene Loipenspurger\u00e4t ert\u00fcchtigen und auf den Winzerer H\u00f6hen zum Einsatz bereitstellen. Der sportpolitische Sprecher der Fraktion, Stadtrat Hans Holler, dankt dem ehemaligen B\u00fcrgermeister von Lappersdorf und einem weiteren Anlieger der Winzerer H\u00f6hen, die zugesagt haben, bei entsprechenden Schneeverh\u00e4ltnissen ehrenamtlich Loipen zu spuren. \u201eEs zeigt sich wieder mal, dass Stadt und Ehrenamtliche in vielen Bereichen, auch \u00fcber kommunale Grenzen hinweg, Hand in Hand zusammenarbeiten\u201c, freut sich Holler.<\/p>\n\n\n\n<p>&#8222;Wie eng unsere Koalition inhaltlich in vielen Fragen beieinander ist, wurde einige Tage nach unserem Schreiben an die Oberb\u00fcrgermeisterin deutlich. Aufgrund paralleler Initiativen konnte B\u00fcrgermeisterin Dr. Astrid Freudenstein nach Absprache mit B\u00fcrgermeister Ludwig Artinger im Sportausschuss bereits ein positives Feedback auf eine entsprechende Anfrage geben\u201c, betont SPD-Fraktionsvorsitzender Dr. Thomas Burger.<\/p>\n","protected":false},"excerpt":{"rendered":"<p>Regensburg, 18.12.2020 \u201eJetzt fehlt nur noch der Schnee\u201c, freut sich Stadtr\u00e4tin Evelyn Kolbe-Stockert. Oberb\u00fcrgermeisterin Maltz-Schwarzfischer beantwortete die Anfrage der SPD-Stadtratsfraktion, ob im Winter 2020\/21 insbesondere aufgrund der besonderen Corona-Randbedingungen wieder Langlaufloipen im Stadtgebiet eingerichtet werden k\u00f6nnten, sehr positiv. Das Stadtgartenamt<\/p>\n","protected":false},"author":6,"featured_media":0,"comment_status":"closed","ping_status":"open","sticky":false,"template":"","format":"standard","meta":{"ngg_post_thumbnail":0},"categories":[1],"tags":[],"jetpack_featured_media_url":"","_links":{"self":[{"href":"https:\/\/spd-stadtrat.de\/index.php?rest_route=\/wp\/v2\/posts\/4885"}],"collection":[{"href":"https:\/\/spd-stadtrat.de\/index.php?rest_route=\/wp\/v2\/posts"}],"about":[{"href":"https:\/\/spd-stadtrat.de\/index.php?rest_route=\/wp\/v2\/types\/post"}],"author":[{"embeddable":true,"href":"https:\/\/spd-stadtrat.de\/index.php?rest_route=\/wp\/v2\/users\/6"}],"replies":[{"embeddable":true,"href":"https:\/\/spd-stadtrat.de\/index.php?rest_route=%2Fwp%2Fv2%2Fcomments&post=4885"}],"version-history":[{"count":1,"href":"https:\/\/spd-stadtrat.de\/index.php?rest_route=\/wp\/v2\/posts\/4885\/revisions"}],"predecessor-version":[{"id":4888,"href":"https:\/\/spd-stadtrat.de\/index.php?rest_route=\/wp\/v2\/posts\/4885\/revisions\/4888"}],"wp:attachment":[{"href":"https:\/\/spd-stadtrat.de\/index.php?rest_route=%2Fwp%2Fv2%2Fmedia&parent=4885"}],"wp:term":[{"taxonomy":"category","embeddable":true,"href":"https:\/\/spd-stadtrat.de\/index.php?rest_route=%2Fwp%2Fv2%2Fcategories&post=4885"},{"taxonomy":"post_tag","embeddable":true,"href":"https:\/\/spd-stadtrat.de\/index.php?rest_route=%2Fwp%2Fv2%2Ftags&post=4885"}],"curies":[{"name":"wp","href":"https:\/\/api.w.org\/{rel}","templated":true}]}}