{"id":4889,"date":"2020-12-18T11:45:12","date_gmt":"2020-12-18T10:45:12","guid":{"rendered":"http:\/\/spd-stadtrat.de\/?p=4889"},"modified":"2020-12-18T06:37:09","modified_gmt":"2020-12-18T05:37:09","slug":"geschwindigkeitsuebertretungen-in-wohnverkehrsstrassen-2","status":"publish","type":"post","link":"https:\/\/spd-stadtrat.de\/?p=4889","title":{"rendered":"Geschwindigkeits\u00fcbertretungen in Wohnverkehrsstra\u00dfen"},"content":{"rendered":"\n<p class=\"has-text-align-right\">Regensburg, 18.12.2020<\/p>\n\n\n\n<p>Immer wieder werden Beschwerden \u00fcber Geschwindigkeits\u00fcbertretungen in Wohngebieten und insbesondere in verkehrsberuhigten Bereichen an die SPD- Stadtratsfraktion herangetragen. Daher hat diese sich an Oberb\u00fcrgermeisterin Gertrud Maltz-Schwarzfischer gewandt.<\/p>\n\n\n\n<figure class=\"wp-block-image size-large is-resized\"><img loading=\"lazy\" src=\"https:\/\/spd-stadtrat.de\/wp-content\/uploads\/2020\/12\/20201201_122730-1024x768.jpg\" alt=\"\" class=\"wp-image-4890\" width=\"292\" height=\"219\" srcset=\"https:\/\/spd-stadtrat.de\/wp-content\/uploads\/2020\/12\/20201201_122730-1024x768.jpg 1024w, https:\/\/spd-stadtrat.de\/wp-content\/uploads\/2020\/12\/20201201_122730-300x225.jpg 300w, https:\/\/spd-stadtrat.de\/wp-content\/uploads\/2020\/12\/20201201_122730-768x576.jpg 768w, https:\/\/spd-stadtrat.de\/wp-content\/uploads\/2020\/12\/20201201_122730-600x450.jpg 600w, https:\/\/spd-stadtrat.de\/wp-content\/uploads\/2020\/12\/20201201_122730-1536x1152.jpg 1536w, https:\/\/spd-stadtrat.de\/wp-content\/uploads\/2020\/12\/20201201_122730-2048x1536.jpg 2048w\" sizes=\"(max-width: 292px) 100vw, 292px\" \/><\/figure>\n\n\n\n<p>\u201eEs ist bedauerlich, dass in Wohnverkehrsstra\u00dfen die zul\u00e4ssige H\u00f6chstgeschwindigkeit immer wieder massiv \u00fcberschritten wird. So wird zum Beispiel in Burgweinting im Bereich Barbara-Blomberg-Stra\u00dfe, der Marie-H\u00f6hne-Stra\u00dfe und der Marie-Schandri-Stra\u00dfe die Schrittgeschwindigkeit 7 km\/h oft nicht eingehalten\u201c, stellt Stadtr\u00e4tin Dagmar Kick fest.<\/p>\n\n\n\n<p>Sie und Ihre Stadtratskollegin Evelyn Kolbe-Stockert begr\u00fc\u00dfen, dass die Verwaltung auf die Anfrage der SPD-Fraktion hin jetzt pr\u00fcfen wird, wie man den aktuellen Ausbauzustand der Stra\u00dfe ver\u00e4ndern k\u00f6nne. Derzeit verleite die gerade und hindernisfreie F\u00fchrung zum schnellen Fahren.<\/p>\n\n\n\n<p>\u201eIm Januar wird dar\u00fcber hinaus mittels eines Z\u00e4hlger\u00e4ts die Art der Fahrzeuge, deren Anzahl sowie die gefahrenen Geschwindigkeiten erfasst. Das wird Daten als Grundlage f\u00fcr weitergehende \u00dcberlegungen liefern\u201c, f\u00fchrt Kolbe-Stockert aus.<\/p>\n\n\n\n<p>Andere immer wieder diskutierte Ans\u00e4tze sind nach Auskunft der Verwaltung nicht m\u00f6glich oder haben sich als nicht zielf\u00fchrend erweisen. \u201eBodenschwellen k\u00f6nnen beispielsweise insbesondere zu einer Gefahr f\u00fcr Radfahrer werden oder Rettungsdienste behindern\u201c, so Fraktionsvorsitzender Dr. Thomas Burger.<\/p>\n\n\n\n<p>Das Aufbringen von Piktogrammen in allen verkehrsberuhigten Bereichen w\u00fcrde nach Ansicht der Stadtverwaltung zudem nicht nur zu einem hohen Unterhaltsaufwand f\u00fchren, sondern auch die Wirksamkeit w\u00fcrde sich durch den eintretenden Gew\u00f6hnungseffekt sehr schnell abnutzen.<\/p>\n\n\n\n<p>\u201eLetztlich haben wir es alle durch unser eigenes Verhalten im Stra\u00dfenverkehr in der Hand die Regeln zu beachten und damit eine Gef\u00e4hrdung anderer Verkehrsteilnehmer zu verhindern\u201c, appelliert Kick an die Autofahrerinnen und -fahrer.<\/p>\n","protected":false},"excerpt":{"rendered":"<p>Regensburg, 18.12.2020 Immer wieder werden Beschwerden \u00fcber Geschwindigkeits\u00fcbertretungen in Wohngebieten und insbesondere in verkehrsberuhigten Bereichen an die SPD- Stadtratsfraktion herangetragen. Daher hat diese sich an Oberb\u00fcrgermeisterin Gertrud Maltz-Schwarzfischer gewandt. \u201eEs ist bedauerlich, dass in Wohnverkehrsstra\u00dfen die zul\u00e4ssige H\u00f6chstgeschwindigkeit immer wieder<\/p>\n","protected":false},"author":6,"featured_media":0,"comment_status":"closed","ping_status":"open","sticky":false,"template":"","format":"standard","meta":{"ngg_post_thumbnail":0},"categories":[1],"tags":[],"jetpack_featured_media_url":"","_links":{"self":[{"href":"https:\/\/spd-stadtrat.de\/index.php?rest_route=\/wp\/v2\/posts\/4889"}],"collection":[{"href":"https:\/\/spd-stadtrat.de\/index.php?rest_route=\/wp\/v2\/posts"}],"about":[{"href":"https:\/\/spd-stadtrat.de\/index.php?rest_route=\/wp\/v2\/types\/post"}],"author":[{"embeddable":true,"href":"https:\/\/spd-stadtrat.de\/index.php?rest_route=\/wp\/v2\/users\/6"}],"replies":[{"embeddable":true,"href":"https:\/\/spd-stadtrat.de\/index.php?rest_route=%2Fwp%2Fv2%2Fcomments&post=4889"}],"version-history":[{"count":1,"href":"https:\/\/spd-stadtrat.de\/index.php?rest_route=\/wp\/v2\/posts\/4889\/revisions"}],"predecessor-version":[{"id":4891,"href":"https:\/\/spd-stadtrat.de\/index.php?rest_route=\/wp\/v2\/posts\/4889\/revisions\/4891"}],"wp:attachment":[{"href":"https:\/\/spd-stadtrat.de\/index.php?rest_route=%2Fwp%2Fv2%2Fmedia&parent=4889"}],"wp:term":[{"taxonomy":"category","embeddable":true,"href":"https:\/\/spd-stadtrat.de\/index.php?rest_route=%2Fwp%2Fv2%2Fcategories&post=4889"},{"taxonomy":"post_tag","embeddable":true,"href":"https:\/\/spd-stadtrat.de\/index.php?rest_route=%2Fwp%2Fv2%2Ftags&post=4889"}],"curies":[{"name":"wp","href":"https:\/\/api.w.org\/{rel}","templated":true}]}}