{"id":4892,"date":"2020-12-20T12:00:00","date_gmt":"2020-12-20T11:00:00","guid":{"rendered":"http:\/\/spd-stadtrat.de\/?p=4892"},"modified":"2020-12-18T07:01:34","modified_gmt":"2020-12-18T06:01:34","slug":"weihnachtsgruesse-der-spd-stadtratsfraktion","status":"publish","type":"post","link":"https:\/\/spd-stadtrat.de\/?p=4892","title":{"rendered":"Weihnachtsgr\u00fc\u00dfe der SPD-Stadtratsfraktion"},"content":{"rendered":"\n<p class=\"has-text-align-right\">Regensburg, Weihnachten 2020<\/p>\n\n\n\n<p>Liebe Regensburgerinnen und Regensburger,<\/p>\n\n\n\n<div class=\"wp-block-image\"><figure class=\"alignleft size-large is-resized\"><img loading=\"lazy\" src=\"https:\/\/spd-stadtrat.de\/wp-content\/uploads\/2020\/12\/20201217_Plenum_SPD-Fraktion.jpg\" alt=\"\" class=\"wp-image-4893\" width=\"397\" height=\"264\" srcset=\"https:\/\/spd-stadtrat.de\/wp-content\/uploads\/2020\/12\/20201217_Plenum_SPD-Fraktion.jpg 682w, https:\/\/spd-stadtrat.de\/wp-content\/uploads\/2020\/12\/20201217_Plenum_SPD-Fraktion-300x200.jpg 300w, https:\/\/spd-stadtrat.de\/wp-content\/uploads\/2020\/12\/20201217_Plenum_SPD-Fraktion-600x399.jpg 600w\" sizes=\"(max-width: 397px) 100vw, 397px\" \/><figcaption>Die SPD-Fraktion mit Oberb\u00fcrgermeisterin&nbsp; Gertrud Maltz-Schwarzfischer in der Dezember-Sitzung des Stadtrats (v.l.n.r.: Hans Holler, Elisabeth Christoph, Dr. Thomas Burger, Dagmar Kick, Gertrud Maltz-Schwarzfischer, Dr. Klaus Rappert, Evelyn Kolbe-Stockert)<\/figcaption><\/figure><\/div>\n\n\n\n<p>ein in vielerlei Hinsicht ganz besonderes Jahr geht nun seinem Ende zu. Uns allen wurde und wird sehr viel abverlangt. Corona hinterlie\u00df seine Spuren. Wir mussten unsere pers\u00f6nlichen Kontakte drastisch einschr\u00e4nken und herbe Einschnitte hinnehmen, die Folgen der Krise sind immer noch nicht in G\u00e4nze absch\u00e4tzbar.<\/p>\n\n\n\n<p>Aber es gab trotz allem auch viele positive Erlebnisse, die f\u00fcr jede und jeden von uns wohl unterschiedlich ausgefallen sind. Aber es gab sie. F\u00fcr uns als Fraktionsteam war es ein besonders sch\u00f6ner Moment, als unsere Kollegin Dagmar Kick nach l\u00e4ngerer krankheitsbedingter Abwesenheit in der Dezember-Sitzung des Stadtrats wieder pers\u00f6nlich bei uns dabei sein konnte.<\/p>\n\n\n\n<p>Ich w\u00fcnsche Ihnen allen \u2013 auch im Namen der gesamten Stadtratsfraktion \u2013 eine besinnliche Weihnachtszeit, erholsame Tage und einen guten Start in ein gl\u00fcckliches, erfolgreiches und vor allem gesundes Jahr 2021.<\/p>\n\n\n\n<p>Bleiben Sie gesund!<\/p>\n\n\n\n<p>Herzliche Gr\u00fc\u00dfe,<\/p>\n\n\n\n<p><em>Dr. Thomas Burger<\/em><br>Vorsitzender der SPD-Stadtratsfraktion<\/p>\n\n\n\n<p><\/p>\n","protected":false},"excerpt":{"rendered":"<p>Regensburg, Weihnachten 2020 Liebe Regensburgerinnen und Regensburger, ein in vielerlei Hinsicht ganz besonderes Jahr geht nun seinem Ende zu. Uns allen wurde und wird sehr viel abverlangt. Corona hinterlie\u00df seine Spuren. Wir mussten unsere pers\u00f6nlichen Kontakte drastisch einschr\u00e4nken und herbe<\/p>\n","protected":false},"author":6,"featured_media":0,"comment_status":"closed","ping_status":"open","sticky":false,"template":"","format":"standard","meta":{"ngg_post_thumbnail":0},"categories":[1],"tags":[],"jetpack_featured_media_url":"","_links":{"self":[{"href":"https:\/\/spd-stadtrat.de\/index.php?rest_route=\/wp\/v2\/posts\/4892"}],"collection":[{"href":"https:\/\/spd-stadtrat.de\/index.php?rest_route=\/wp\/v2\/posts"}],"about":[{"href":"https:\/\/spd-stadtrat.de\/index.php?rest_route=\/wp\/v2\/types\/post"}],"author":[{"embeddable":true,"href":"https:\/\/spd-stadtrat.de\/index.php?rest_route=\/wp\/v2\/users\/6"}],"replies":[{"embeddable":true,"href":"https:\/\/spd-stadtrat.de\/index.php?rest_route=%2Fwp%2Fv2%2Fcomments&post=4892"}],"version-history":[{"count":6,"href":"https:\/\/spd-stadtrat.de\/index.php?rest_route=\/wp\/v2\/posts\/4892\/revisions"}],"predecessor-version":[{"id":4899,"href":"https:\/\/spd-stadtrat.de\/index.php?rest_route=\/wp\/v2\/posts\/4892\/revisions\/4899"}],"wp:attachment":[{"href":"https:\/\/spd-stadtrat.de\/index.php?rest_route=%2Fwp%2Fv2%2Fmedia&parent=4892"}],"wp:term":[{"taxonomy":"category","embeddable":true,"href":"https:\/\/spd-stadtrat.de\/index.php?rest_route=%2Fwp%2Fv2%2Fcategories&post=4892"},{"taxonomy":"post_tag","embeddable":true,"href":"https:\/\/spd-stadtrat.de\/index.php?rest_route=%2Fwp%2Fv2%2Ftags&post=4892"}],"curies":[{"name":"wp","href":"https:\/\/api.w.org\/{rel}","templated":true}]}}