{"id":4938,"date":"2021-02-24T07:29:43","date_gmt":"2021-02-24T06:29:43","guid":{"rendered":"http:\/\/spd-stadtrat.de\/?p=4938"},"modified":"2021-02-24T07:29:44","modified_gmt":"2021-02-24T06:29:44","slug":"transparenz-wird-bei-schulneubau-grossgeschrieben","status":"publish","type":"post","link":"https:\/\/spd-stadtrat.de\/?p=4938","title":{"rendered":"Transparenz wird bei Schulneubau gro\u00dfgeschrieben"},"content":{"rendered":"\n<p class=\"has-text-align-right\">Regensburg, 24.02.2021<\/p>\n\n\n\n<p>\u201eTransparenz und die Einbindung unserer Mitb\u00fcrgerinnen und Mitb\u00fcrger bei Bau- und Planungsvorhaben ist f\u00fcr die SPD-Stadtratsfraktion von gro\u00dfer Bedeutung\u201c, betont Stadtrat Dr. Klaus Rappert.<\/p>\n\n\n\n<figure class=\"wp-block-image size-large is-resized\"><a href=\"https:\/\/spd-stadtrat.de\/wp-content\/uploads\/2021\/02\/210223-Schule-Sallerner-Berg.jpg\"><img loading=\"lazy\" src=\"https:\/\/spd-stadtrat.de\/wp-content\/uploads\/2021\/02\/210223-Schule-Sallerner-Berg-1024x768.jpg\" alt=\"\" class=\"wp-image-4939\" width=\"339\" height=\"254\" srcset=\"https:\/\/spd-stadtrat.de\/wp-content\/uploads\/2021\/02\/210223-Schule-Sallerner-Berg-1024x768.jpg 1024w, https:\/\/spd-stadtrat.de\/wp-content\/uploads\/2021\/02\/210223-Schule-Sallerner-Berg-300x225.jpg 300w, https:\/\/spd-stadtrat.de\/wp-content\/uploads\/2021\/02\/210223-Schule-Sallerner-Berg-768x576.jpg 768w, https:\/\/spd-stadtrat.de\/wp-content\/uploads\/2021\/02\/210223-Schule-Sallerner-Berg-600x450.jpg 600w, https:\/\/spd-stadtrat.de\/wp-content\/uploads\/2021\/02\/210223-Schule-Sallerner-Berg-1536x1152.jpg 1536w, https:\/\/spd-stadtrat.de\/wp-content\/uploads\/2021\/02\/210223-Schule-Sallerner-Berg.jpg 2048w\" sizes=\"(max-width: 339px) 100vw, 339px\" \/><\/a><figcaption>Schule Sallerner Berg<\/figcaption><\/figure>\n\n\n\n<p>Dies gilt auch f\u00fcr den Neubau des Schulzentrums am Sallerner Berg. Nach der ersten Information und Beteiligung der \u00d6ffentlichkeit steht jetzt nach dem Wettbewerb und der weiteren Verfeinerung der Planungen eine neue B\u00fcrgerbeteiligungsrunde an, um auch bei der weiteren Entwicklung in engem Kontakt zu bleiben.<\/p>\n\n\n\n<p>Der Fraktionsvorsitzende Dr. Thomas Burger bittet die B\u00fcrgerinnen und B\u00fcrger, die M\u00f6glichkeit zu nutzen, die Pl\u00e4ne und Unterlagen einzusehen und Anregungen einzuspeisen. Dies ist m\u00f6glich in dem Zeitraum vom 22. Februar bis einschlie\u00dflich 19. M\u00e4rz 2021 im Internet unter <a href=\"http:\/\/www.regensburg.de\/beteiligung-am-verfahren\">www.regensburg.de\/beteiligung-am-verfahren<\/a>. Am 10. M\u00e4rz 2021 besteht zudem die M\u00f6glichkeit, von 18 Uhr bis etwa 20 Uhr unter <a href=\"http:\/\/www.regensburg.de\/bebauungsplan-schule-sallerner-berg\">www.regensburg.de\/bebauungsplan-schule-sallerner-berg<\/a> direkt am Online-Er\u00f6rterungstermin teilzunehmen, um Fragen zu stellen und Anliegen vorzubringen.<\/p>\n\n\n\n<p>\u201eDiese \u00d6ffentlichkeitsbeteiligung ist ein entscheidender Schritt auf dem Weg zu einem neuen, zeitgem\u00e4\u00dfen Schulzentrum f\u00fcr unseren Stadtteil\u201c, betont Dr. Rappert.<\/p>\n","protected":false},"excerpt":{"rendered":"<p>Regensburg, 24.02.2021 \u201eTransparenz und die Einbindung unserer Mitb\u00fcrgerinnen und Mitb\u00fcrger bei Bau- und Planungsvorhaben ist f\u00fcr die SPD-Stadtratsfraktion von gro\u00dfer Bedeutung\u201c, betont Stadtrat Dr. Klaus Rappert. Dies gilt auch f\u00fcr den Neubau des Schulzentrums am Sallerner Berg. Nach der ersten<\/p>\n","protected":false},"author":6,"featured_media":0,"comment_status":"closed","ping_status":"open","sticky":false,"template":"","format":"standard","meta":{"ngg_post_thumbnail":0},"categories":[1],"tags":[],"jetpack_featured_media_url":"","_links":{"self":[{"href":"https:\/\/spd-stadtrat.de\/index.php?rest_route=\/wp\/v2\/posts\/4938"}],"collection":[{"href":"https:\/\/spd-stadtrat.de\/index.php?rest_route=\/wp\/v2\/posts"}],"about":[{"href":"https:\/\/spd-stadtrat.de\/index.php?rest_route=\/wp\/v2\/types\/post"}],"author":[{"embeddable":true,"href":"https:\/\/spd-stadtrat.de\/index.php?rest_route=\/wp\/v2\/users\/6"}],"replies":[{"embeddable":true,"href":"https:\/\/spd-stadtrat.de\/index.php?rest_route=%2Fwp%2Fv2%2Fcomments&post=4938"}],"version-history":[{"count":1,"href":"https:\/\/spd-stadtrat.de\/index.php?rest_route=\/wp\/v2\/posts\/4938\/revisions"}],"predecessor-version":[{"id":4940,"href":"https:\/\/spd-stadtrat.de\/index.php?rest_route=\/wp\/v2\/posts\/4938\/revisions\/4940"}],"wp:attachment":[{"href":"https:\/\/spd-stadtrat.de\/index.php?rest_route=%2Fwp%2Fv2%2Fmedia&parent=4938"}],"wp:term":[{"taxonomy":"category","embeddable":true,"href":"https:\/\/spd-stadtrat.de\/index.php?rest_route=%2Fwp%2Fv2%2Fcategories&post=4938"},{"taxonomy":"post_tag","embeddable":true,"href":"https:\/\/spd-stadtrat.de\/index.php?rest_route=%2Fwp%2Fv2%2Ftags&post=4938"}],"curies":[{"name":"wp","href":"https:\/\/api.w.org\/{rel}","templated":true}]}}