{"id":4943,"date":"2021-02-25T07:20:14","date_gmt":"2021-02-25T06:20:14","guid":{"rendered":"http:\/\/spd-stadtrat.de\/?p=4943"},"modified":"2021-02-25T07:20:15","modified_gmt":"2021-02-25T06:20:15","slug":"das-neue-energiebildungszentrum-um-welt-im-rubina-haus-strahlkraft-weit-ueber-die-stadtgrenzen-hinaus","status":"publish","type":"post","link":"https:\/\/spd-stadtrat.de\/?p=4943","title":{"rendered":"Das neue Energiebildungszentrum um.welt im RUBINA-Haus:  Strahlkraft weit \u00fcber die Stadtgrenzen hinaus"},"content":{"rendered":"\n<p class=\"has-text-align-right\">Regensburg, 25.02.2021<\/p>\n\n\n\n<p>SPD-Fraktion begr\u00fc\u00dft den aktuellen Bericht zum Energiebildungszentrum um:welt.<\/p>\n\n\n\n<figure class=\"wp-block-image size-large is-resized\"><a href=\"https:\/\/spd-stadtrat.de\/wp-content\/uploads\/2021\/02\/RUBINA-1a.jpg\"><img loading=\"lazy\" src=\"https:\/\/spd-stadtrat.de\/wp-content\/uploads\/2021\/02\/RUBINA-1a-1024x768.jpg\" alt=\"\" class=\"wp-image-4944\" width=\"331\" height=\"247\" srcset=\"https:\/\/spd-stadtrat.de\/wp-content\/uploads\/2021\/02\/RUBINA-1a-1024x768.jpg 1024w, https:\/\/spd-stadtrat.de\/wp-content\/uploads\/2021\/02\/RUBINA-1a-300x225.jpg 300w, https:\/\/spd-stadtrat.de\/wp-content\/uploads\/2021\/02\/RUBINA-1a-768x576.jpg 768w, https:\/\/spd-stadtrat.de\/wp-content\/uploads\/2021\/02\/RUBINA-1a-600x450.jpg 600w, https:\/\/spd-stadtrat.de\/wp-content\/uploads\/2021\/02\/RUBINA-1a-1536x1152.jpg 1536w, https:\/\/spd-stadtrat.de\/wp-content\/uploads\/2021\/02\/RUBINA-1a.jpg 2016w\" sizes=\"(max-width: 331px) 100vw, 331px\" \/><\/a><figcaption>RUBINA \u2013 von gro\u00dfer Bedeutung f\u00fcr die gesamte Region<\/figcaption><\/figure>\n\n\n\n<p>\u201eDer aktuelle Bericht \u00fcber das geplante Energiebildungszentrum um:welt machte sehr anschaulich deutlich, was hier f\u00fcr ein wichtiges und tolles Angebot f\u00fcr die Region Regensburg und dar\u00fcber hinaus entsteht \u2013 f\u00fcr Jung und Alt, f\u00fcr Sch\u00fclergruppen und Familien, eben f\u00fcr alle Teile unserer Gesellschaft\u201c, unterstreicht der SPD-Fraktionsvorsitzende Dr. Thomas Burger. Im Umweltausschuss des Stadtrates gab es vorab eine \u201eF\u00fchrung\u201c durch das Konzept. \u201eEs macht Freude, so eine Beschlussvorlage zu lesen. Wir freuen uns sehr auf die baldige Er\u00f6ffnung, die \u2013 sobald es Corona zul\u00e4sst \u2013 im Fr\u00fchjahr\/Sommer 2021 erfolgen soll\u201c, so Hans Holler, Fraktionssprecher im Umweltausschuss.<\/p>\n\n\n\n<p>Die Errichtung eines Energiebildungszentrums im Multifunktionsgeb\u00e4ude RUBINA (<strong>R<\/strong>egensburg <strong>U<\/strong>mwelt <strong>B<\/strong>ildung <strong>I<\/strong>nnovation <strong>Na<\/strong>chhaltigkeit) stellt f\u00fcr die gesamte Region Regensburg ein zentrales Leitprojekt im Rahmen des Leitbildes \u201eEnergie und Klima\u201c dar. Im Jahr 2017 wurde dieses Leitbild im Regensburger Stadtrat beschlossen.<\/p>\n\n\n\n<p>Das Energiebildungszentrum umfasst unterschiedliche Funktionsbereiche mit M\u00f6glichkeiten f\u00fcr Sammelausstellungen und Informationsveranstaltungen. Es wird zudem einen filmischen Einstieg geben mit Themen rund um Erde, Erdgeschichte, Industrialisierung, Technik, Innovation, Sonne, \u00d6kosystem, Mensch und Klimawandel. Daneben wird es \u00fcber interaktive Stationen m\u00f6glich sein, mit allen Sinnen die Erde zu erleben sowie Zusammenh\u00e4nge zwischen Energienutzung und Klimawandel begreifbar zu machen. Bei einer Station zum Thema Konsum wird dar\u00fcber hinaus das eigene Verhalten spielerisch hinterfragt werden k\u00f6nnen oder werden Auswirkungen des eigenen Handelns auf die Welt erlebbar gemacht.<\/p>\n\n\n\n<p>\u201eIch freue mich, dass mit dem Energiebildungszentrum eine weitere Einrichtung mit einer Strahlkraft weit \u00fcber die Stadtgrenzen hinaus auf dem Gel\u00e4nde der ehemaligen Nibelungenkaserne eine Heimat findet\u201c, erg\u00e4nzt die \u00f6rtliche Stadtr\u00e4tin Evelyn Kolbe-Stockert.<\/p>\n\n\n\n<p><\/p>\n","protected":false},"excerpt":{"rendered":"<p>Regensburg, 25.02.2021 SPD-Fraktion begr\u00fc\u00dft den aktuellen Bericht zum Energiebildungszentrum um:welt. \u201eDer aktuelle Bericht \u00fcber das geplante Energiebildungszentrum um:welt machte sehr anschaulich deutlich, was hier f\u00fcr ein wichtiges und tolles Angebot f\u00fcr die Region Regensburg und dar\u00fcber hinaus entsteht \u2013 f\u00fcr<\/p>\n","protected":false},"author":6,"featured_media":0,"comment_status":"closed","ping_status":"open","sticky":false,"template":"","format":"standard","meta":{"ngg_post_thumbnail":0},"categories":[1],"tags":[],"jetpack_featured_media_url":"","_links":{"self":[{"href":"https:\/\/spd-stadtrat.de\/index.php?rest_route=\/wp\/v2\/posts\/4943"}],"collection":[{"href":"https:\/\/spd-stadtrat.de\/index.php?rest_route=\/wp\/v2\/posts"}],"about":[{"href":"https:\/\/spd-stadtrat.de\/index.php?rest_route=\/wp\/v2\/types\/post"}],"author":[{"embeddable":true,"href":"https:\/\/spd-stadtrat.de\/index.php?rest_route=\/wp\/v2\/users\/6"}],"replies":[{"embeddable":true,"href":"https:\/\/spd-stadtrat.de\/index.php?rest_route=%2Fwp%2Fv2%2Fcomments&post=4943"}],"version-history":[{"count":2,"href":"https:\/\/spd-stadtrat.de\/index.php?rest_route=\/wp\/v2\/posts\/4943\/revisions"}],"predecessor-version":[{"id":4946,"href":"https:\/\/spd-stadtrat.de\/index.php?rest_route=\/wp\/v2\/posts\/4943\/revisions\/4946"}],"wp:attachment":[{"href":"https:\/\/spd-stadtrat.de\/index.php?rest_route=%2Fwp%2Fv2%2Fmedia&parent=4943"}],"wp:term":[{"taxonomy":"category","embeddable":true,"href":"https:\/\/spd-stadtrat.de\/index.php?rest_route=%2Fwp%2Fv2%2Fcategories&post=4943"},{"taxonomy":"post_tag","embeddable":true,"href":"https:\/\/spd-stadtrat.de\/index.php?rest_route=%2Fwp%2Fv2%2Ftags&post=4943"}],"curies":[{"name":"wp","href":"https:\/\/api.w.org\/{rel}","templated":true}]}}