{"id":4974,"date":"2021-04-06T14:33:44","date_gmt":"2021-04-06T12:33:44","guid":{"rendered":"http:\/\/spd-stadtrat.de\/?p=4974"},"modified":"2021-04-06T14:33:45","modified_gmt":"2021-04-06T12:33:45","slug":"die-spd-stadtratsfraktion-fragt-nach-deckel-zwang-beim-to-go-kaffee","status":"publish","type":"post","link":"https:\/\/spd-stadtrat.de\/?p=4974","title":{"rendered":"Die SPD-Stadtratsfraktion fragt nach; \u201eDeckel-Zwang\u201c beim \u201eTo Go\u201c-Kaffee?"},"content":{"rendered":"\n<p class=\"has-text-align-right\">Regensburg, 06.04.2021<\/p>\n\n\n\n<p>Nachdem der Medienberichterstattung zu entnehmen war, dass es in der Stadt Regensburg einen \u201eDeckel-Zwang\u201c beim Verkauf von \u201eTo Go\u201c-Kaffee geben solle, hat der SPD-Fraktionsvorsitzende Dr. Thomas Burger bei Oberb\u00fcrgermeisterin Maltz-Schwarzfischer nachgefragt.<\/p>\n\n\n\n<figure class=\"wp-block-image size-large is-resized\"><a href=\"http:\/\/spd-stadtrat.de\/wp-content\/uploads\/2020\/05\/2020-Burger-scaled.jpg\"><img loading=\"lazy\" src=\"http:\/\/spd-stadtrat.de\/wp-content\/uploads\/2020\/05\/2020-Burger-1024x768.jpg\" alt=\"\" class=\"wp-image-4182\" width=\"230\" height=\"173\" srcset=\"https:\/\/spd-stadtrat.de\/wp-content\/uploads\/2020\/05\/2020-Burger-1024x768.jpg 1024w, https:\/\/spd-stadtrat.de\/wp-content\/uploads\/2020\/05\/2020-Burger-300x225.jpg 300w, https:\/\/spd-stadtrat.de\/wp-content\/uploads\/2020\/05\/2020-Burger-768x576.jpg 768w, https:\/\/spd-stadtrat.de\/wp-content\/uploads\/2020\/05\/2020-Burger-600x450.jpg 600w, https:\/\/spd-stadtrat.de\/wp-content\/uploads\/2020\/05\/2020-Burger-1536x1152.jpg 1536w, https:\/\/spd-stadtrat.de\/wp-content\/uploads\/2020\/05\/2020-Burger-2048x1536.jpg 2048w\" sizes=\"(max-width: 230px) 100vw, 230px\" \/><\/a><figcaption>Dr. Thomas Burger<\/figcaption><\/figure>\n\n\n\n<p>\u2022&nbsp;&nbsp;&nbsp;&nbsp;&nbsp;&nbsp;&nbsp;&nbsp;&nbsp;&nbsp; Gibt es diese Verpflichtung tats\u00e4chlich und wie wird diese begr\u00fcndet?<\/p>\n\n\n\n<p>\u2022&nbsp;&nbsp;&nbsp;&nbsp;&nbsp;&nbsp;&nbsp;&nbsp;&nbsp;&nbsp; Seit wann gibt es diese Verpflichtung?<\/p>\n\n\n\n<p>F\u00fcr Dr. Burger erscheint ein \u201eDeckel-Zwang\u201c nicht sinnhaft, da eine K\u00e4uferin oder ein K\u00e4ufer sowieso unabh\u00e4ngig von dem Aush\u00e4ndigen des Deckels f\u00fcr sich entscheidet, ob sie oder er diesen verwenden m\u00f6chte.<\/p>\n\n\n\n<p>Falls der Deckel nicht benutzt wird, entsteht mit der \u00dcbergabe sofort M\u00fcll. Dies macht nicht nur keinen Sinn, sondern widerspricht sogar direkt der \u201eZero Waste\u201c-Strategie, die der Stadtrat beschlossen hat.<\/p>\n\n\n\n<p>Bei immer mehr Produkten wird darauf geachtet, dass m\u00f6glichst wenig Kunststoff verbraucht wird; und mit einem \u201eDeckel-Zwang\u201c wird ein neuer Artikel h\u00e4ufig unbenutzt direkt zu M\u00fcll.<\/p>\n\n\n\n<p>Dr. Burger hat die Oberb\u00fcrgermeisterin darum gebeten, zeitnah eine Abschaffung dieser Verpflichtung zur Aush\u00e4ndigung eines Deckels anzusto\u00dfen.<\/p>\n","protected":false},"excerpt":{"rendered":"<p>Regensburg, 06.04.2021 Nachdem der Medienberichterstattung zu entnehmen war, dass es in der Stadt Regensburg einen \u201eDeckel-Zwang\u201c beim Verkauf von \u201eTo Go\u201c-Kaffee geben solle, hat der SPD-Fraktionsvorsitzende Dr. Thomas Burger bei Oberb\u00fcrgermeisterin Maltz-Schwarzfischer nachgefragt. \u2022&nbsp;&nbsp;&nbsp;&nbsp;&nbsp;&nbsp;&nbsp;&nbsp;&nbsp;&nbsp; Gibt es diese Verpflichtung tats\u00e4chlich und<\/p>\n","protected":false},"author":6,"featured_media":0,"comment_status":"closed","ping_status":"open","sticky":false,"template":"","format":"standard","meta":{"ngg_post_thumbnail":0},"categories":[1],"tags":[],"jetpack_featured_media_url":"","_links":{"self":[{"href":"https:\/\/spd-stadtrat.de\/index.php?rest_route=\/wp\/v2\/posts\/4974"}],"collection":[{"href":"https:\/\/spd-stadtrat.de\/index.php?rest_route=\/wp\/v2\/posts"}],"about":[{"href":"https:\/\/spd-stadtrat.de\/index.php?rest_route=\/wp\/v2\/types\/post"}],"author":[{"embeddable":true,"href":"https:\/\/spd-stadtrat.de\/index.php?rest_route=\/wp\/v2\/users\/6"}],"replies":[{"embeddable":true,"href":"https:\/\/spd-stadtrat.de\/index.php?rest_route=%2Fwp%2Fv2%2Fcomments&post=4974"}],"version-history":[{"count":1,"href":"https:\/\/spd-stadtrat.de\/index.php?rest_route=\/wp\/v2\/posts\/4974\/revisions"}],"predecessor-version":[{"id":4975,"href":"https:\/\/spd-stadtrat.de\/index.php?rest_route=\/wp\/v2\/posts\/4974\/revisions\/4975"}],"wp:attachment":[{"href":"https:\/\/spd-stadtrat.de\/index.php?rest_route=%2Fwp%2Fv2%2Fmedia&parent=4974"}],"wp:term":[{"taxonomy":"category","embeddable":true,"href":"https:\/\/spd-stadtrat.de\/index.php?rest_route=%2Fwp%2Fv2%2Fcategories&post=4974"},{"taxonomy":"post_tag","embeddable":true,"href":"https:\/\/spd-stadtrat.de\/index.php?rest_route=%2Fwp%2Fv2%2Ftags&post=4974"}],"curies":[{"name":"wp","href":"https:\/\/api.w.org\/{rel}","templated":true}]}}