{"id":5049,"date":"2021-06-10T13:02:03","date_gmt":"2021-06-10T11:02:03","guid":{"rendered":"http:\/\/spd-stadtrat.de\/?p=5049"},"modified":"2021-06-10T13:02:04","modified_gmt":"2021-06-10T11:02:04","slug":"verkehrsberuhigung-altstadt-start-der-buergerbeteiligung-im-online-dialog","status":"publish","type":"post","link":"https:\/\/spd-stadtrat.de\/?p=5049","title":{"rendered":"Verkehrsberuhigung Altstadt \u2013 Start der B\u00fcrgerbeteiligung im Online-Dialog"},"content":{"rendered":"\n<p class=\"has-text-align-right\">Regensburg, 10.06.2021<\/p>\n\n\n\n<p>Am Samstag, 12. Juni 2021, ist es soweit: Die Stadt Regensburg startet in den Live-Online-Dialog zur Verkehrsberuhigung Altstadt.<\/p>\n\n\n\n<figure class=\"wp-block-image size-large is-resized\"><a href=\"https:\/\/spd-stadtrat.de\/wp-content\/uploads\/2021\/06\/altstadt-2.jpg\"><img loading=\"lazy\" src=\"https:\/\/spd-stadtrat.de\/wp-content\/uploads\/2021\/06\/altstadt-2-1024x859.jpg\" alt=\"\" class=\"wp-image-5050\" width=\"374\" height=\"315\" srcset=\"https:\/\/spd-stadtrat.de\/wp-content\/uploads\/2021\/06\/altstadt-2-1024x859.jpg 1024w, https:\/\/spd-stadtrat.de\/wp-content\/uploads\/2021\/06\/altstadt-2-300x252.jpg 300w, https:\/\/spd-stadtrat.de\/wp-content\/uploads\/2021\/06\/altstadt-2-768x644.jpg 768w, https:\/\/spd-stadtrat.de\/wp-content\/uploads\/2021\/06\/altstadt-2-600x503.jpg 600w, https:\/\/spd-stadtrat.de\/wp-content\/uploads\/2021\/06\/altstadt-2.jpg 1468w\" sizes=\"(max-width: 374px) 100vw, 374px\" \/><\/a><\/figure>\n\n\n\n<p>Unsere Altstadt ist nicht nur UNESCO-Welterbe. Sie ist dar\u00fcber hinaus ein sehr bedeutender Einkaufs-, Kultur-, Freizeit-, Arbeits-, Bildungs- und Tourismusort, hat aber zugleich ihre traditionelle Wohnfunktion erhalten k\u00f6nnen.<\/p>\n\n\n\n<p>Eine Vielzahl von Besucherinnen und Besuchern kommen t\u00e4glich zu Fu\u00df, mit dem Rad, mit Bus und Bahn oder mit dem Auto in die Altstadt.<\/p>\n\n\n\n<p>Die historisch gewachsenen Strukturen, der Wunsch nach mehr Aufenthaltsqualit\u00e4t und Entspannung auf der einen Seite sowie der flie\u00dfende und ruhende Kfz- und Lieferverkehr auf der anderen Seite erzeugen immer wieder Konflikte.<\/p>\n\n\n\n<p>Der Ausschuss f\u00fcr Stadtplanung, Verkehr und Wohnungsfragen hat deshalb am 14.04.2021 beschlossen, in einem offenen und breiten Beteiligungsprozess mit vielen unterschiedlichen Akteuren ein gemeinsames Zielkonzept zur Altstadterschlie\u00dfung und zur Verkehrsberuhigung der Altstadt zu erarbeiten.<\/p>\n\n\n\n<p>\u201eVerkehrsberuhigung in der Altstadt kann man nur im transparenten Dialog mit allen Beteiligten umsetzen\u201c, so der verkehrspolitische Sprecher der SPD-Stadtratsfraktion, Dr. Klaus Rappert. \u201eDeshalb begr\u00fc\u00dft die SPD-Stadtratsfraktion das gew\u00e4hlte Beteiligungsformat, in das sich B\u00fcrgerinnen und B\u00fcrger als Besucher und Bewohner der Altstadt genauso einbringen k\u00f6nnen wie der Altstadthandel und die Gastronomie.\u201c<\/p>\n\n\n\n<figure class=\"wp-block-image size-large is-resized\"><a href=\"https:\/\/spd-stadtrat.de\/wp-content\/uploads\/2021\/06\/Altstadt-1-1.jpg\"><img loading=\"lazy\" src=\"https:\/\/spd-stadtrat.de\/wp-content\/uploads\/2021\/06\/Altstadt-1-1-768x1024.jpg\" alt=\"\" class=\"wp-image-5052\" width=\"275\" height=\"367\" srcset=\"https:\/\/spd-stadtrat.de\/wp-content\/uploads\/2021\/06\/Altstadt-1-1-768x1024.jpg 768w, https:\/\/spd-stadtrat.de\/wp-content\/uploads\/2021\/06\/Altstadt-1-1-225x300.jpg 225w, https:\/\/spd-stadtrat.de\/wp-content\/uploads\/2021\/06\/Altstadt-1-1-600x800.jpg 600w, https:\/\/spd-stadtrat.de\/wp-content\/uploads\/2021\/06\/Altstadt-1-1-1152x1536.jpg 1152w, https:\/\/spd-stadtrat.de\/wp-content\/uploads\/2021\/06\/Altstadt-1-1-1536x2048.jpg 1536w, https:\/\/spd-stadtrat.de\/wp-content\/uploads\/2021\/06\/Altstadt-1-1.jpg 1548w\" sizes=\"(max-width: 275px) 100vw, 275px\" \/><\/a><\/figure>\n\n\n\n<p>\u201eJede Ver\u00e4nderung braucht die Akzeptanz der Betroffenen\u201c, betont der Fraktionsvorsitzende Dr. Thomas Burger, gibt aber auch zu bedenken, dass man m\u00f6glicherweise nicht alle W\u00fcnsche wird erf\u00fcllen k\u00f6nnen. \u201eEs geht darum, dem Stadtrat am Ende des Beteiligungsverfahrens eine umfassende Entscheidungsgrundlage vorzustellen, die es dann verantwortungsvoll politisch abzuw\u00e4gen und zu gewichten gilt\u201c, so Dr. Burger.<\/p>\n\n\n\n<p>Die SPD-Stadtratsfraktion appelliert deshalb an alle Betroffenen und Interessierten, die Beteiligungsm\u00f6glichkeiten zu nutzen und sich in den Entwicklungsprozess f\u00fcr die Aufwertung der Aufenthaltsqualit\u00e4t und Verkehrsberuhigung in der Altstadt aktiv einzubringen.<\/p>\n\n\n\n<p>Weiterf\u00fchrende Informationen sind unter <a href=\"https:\/\/deine-altstadt-regensburg.de\/\" target=\"_blank\" rel=\"noreferrer noopener\">www.deine-altstadt-regensburg.de<\/a> zum finden.<\/p>\n","protected":false},"excerpt":{"rendered":"<p>Regensburg, 10.06.2021 Am Samstag, 12. Juni 2021, ist es soweit: Die Stadt Regensburg startet in den Live-Online-Dialog zur Verkehrsberuhigung Altstadt. Unsere Altstadt ist nicht nur UNESCO-Welterbe. Sie ist dar\u00fcber hinaus ein sehr bedeutender Einkaufs-, Kultur-, Freizeit-, Arbeits-, Bildungs- und Tourismusort,<\/p>\n","protected":false},"author":6,"featured_media":0,"comment_status":"closed","ping_status":"open","sticky":false,"template":"","format":"standard","meta":{"ngg_post_thumbnail":0},"categories":[1],"tags":[],"jetpack_featured_media_url":"","_links":{"self":[{"href":"https:\/\/spd-stadtrat.de\/index.php?rest_route=\/wp\/v2\/posts\/5049"}],"collection":[{"href":"https:\/\/spd-stadtrat.de\/index.php?rest_route=\/wp\/v2\/posts"}],"about":[{"href":"https:\/\/spd-stadtrat.de\/index.php?rest_route=\/wp\/v2\/types\/post"}],"author":[{"embeddable":true,"href":"https:\/\/spd-stadtrat.de\/index.php?rest_route=\/wp\/v2\/users\/6"}],"replies":[{"embeddable":true,"href":"https:\/\/spd-stadtrat.de\/index.php?rest_route=%2Fwp%2Fv2%2Fcomments&post=5049"}],"version-history":[{"count":3,"href":"https:\/\/spd-stadtrat.de\/index.php?rest_route=\/wp\/v2\/posts\/5049\/revisions"}],"predecessor-version":[{"id":5055,"href":"https:\/\/spd-stadtrat.de\/index.php?rest_route=\/wp\/v2\/posts\/5049\/revisions\/5055"}],"wp:attachment":[{"href":"https:\/\/spd-stadtrat.de\/index.php?rest_route=%2Fwp%2Fv2%2Fmedia&parent=5049"}],"wp:term":[{"taxonomy":"category","embeddable":true,"href":"https:\/\/spd-stadtrat.de\/index.php?rest_route=%2Fwp%2Fv2%2Fcategories&post=5049"},{"taxonomy":"post_tag","embeddable":true,"href":"https:\/\/spd-stadtrat.de\/index.php?rest_route=%2Fwp%2Fv2%2Ftags&post=5049"}],"curies":[{"name":"wp","href":"https:\/\/api.w.org\/{rel}","templated":true}]}}