{"id":5056,"date":"2021-06-15T07:46:18","date_gmt":"2021-06-15T05:46:18","guid":{"rendered":"http:\/\/spd-stadtrat.de\/?p=5056"},"modified":"2021-06-15T07:46:20","modified_gmt":"2021-06-15T05:46:20","slug":"regensburger-stadtgespraeche-im-dialog-mit-der-oberbuergermeisterin","status":"publish","type":"post","link":"https:\/\/spd-stadtrat.de\/?p=5056","title":{"rendered":"Regensburger Stadtgespr\u00e4che &#8211; Im Dialog mit der Oberb\u00fcrgermeisterin"},"content":{"rendered":"\n<p class=\"has-text-align-right\">Regensburg, 15.06.2021<\/p>\n\n\n\n<p>Kommen Sie mit der Oberb\u00fcrgermeisterin pers\u00f6nlich ins Gespr\u00e4ch und tauschen Sie sich direkt mit Ihrer Stadtspitze aus.<br>Jede Veranstaltung steht unter einem anderen Leitthema. <\/p>\n\n\n\n<figure class=\"wp-block-image size-large\"><a href=\"http:\/\/spd-stadtrat.de\/wp-content\/uploads\/2020\/05\/2020-Maltz-Schwarzfischer1.jpg\"><img loading=\"lazy\" width=\"300\" height=\"222\" src=\"http:\/\/spd-stadtrat.de\/wp-content\/uploads\/2020\/05\/2020-Maltz-Schwarzfischer1.jpg\" alt=\"\" class=\"wp-image-4318\"\/><\/a><figcaption>Gertrud Maltz-Schwarzfischer<\/figcaption><\/figure>\n\n\n\n<p class=\"has-text-align-center\">Beim n\u00e4chsten Termin am <br><strong>Freitag,  02. JULI 2021 um 16.00 Uhr<\/strong><br> geht es um den <br><strong>Radverkehr in Regensburg<\/strong>.<\/p>\n\n\n\n<p>Treffen Sie sich zum Gedankenaustausch mit Oberb\u00fcrgermeisterin Gertrud Maltz-Schwarzfischer dazu am Dachauplatz<\/p>\n\n\n\n<p class=\"has-text-align-center\">WAS?          Radverkehr in Regensburg<br>WANN?     02.07.2021, 16.00 Uhr<br>WO?           Dachauplatz<\/p>\n","protected":false},"excerpt":{"rendered":"<p>Regensburg, 15.06.2021 Kommen Sie mit der Oberb\u00fcrgermeisterin pers\u00f6nlich ins Gespr\u00e4ch und tauschen Sie sich direkt mit Ihrer Stadtspitze aus.Jede Veranstaltung steht unter einem anderen Leitthema. Beim n\u00e4chsten Termin am Freitag, 02. JULI 2021 um 16.00 Uhr geht es um den<\/p>\n","protected":false},"author":6,"featured_media":0,"comment_status":"closed","ping_status":"open","sticky":false,"template":"","format":"standard","meta":{"ngg_post_thumbnail":0},"categories":[1],"tags":[],"jetpack_featured_media_url":"","_links":{"self":[{"href":"https:\/\/spd-stadtrat.de\/index.php?rest_route=\/wp\/v2\/posts\/5056"}],"collection":[{"href":"https:\/\/spd-stadtrat.de\/index.php?rest_route=\/wp\/v2\/posts"}],"about":[{"href":"https:\/\/spd-stadtrat.de\/index.php?rest_route=\/wp\/v2\/types\/post"}],"author":[{"embeddable":true,"href":"https:\/\/spd-stadtrat.de\/index.php?rest_route=\/wp\/v2\/users\/6"}],"replies":[{"embeddable":true,"href":"https:\/\/spd-stadtrat.de\/index.php?rest_route=%2Fwp%2Fv2%2Fcomments&post=5056"}],"version-history":[{"count":3,"href":"https:\/\/spd-stadtrat.de\/index.php?rest_route=\/wp\/v2\/posts\/5056\/revisions"}],"predecessor-version":[{"id":5059,"href":"https:\/\/spd-stadtrat.de\/index.php?rest_route=\/wp\/v2\/posts\/5056\/revisions\/5059"}],"wp:attachment":[{"href":"https:\/\/spd-stadtrat.de\/index.php?rest_route=%2Fwp%2Fv2%2Fmedia&parent=5056"}],"wp:term":[{"taxonomy":"category","embeddable":true,"href":"https:\/\/spd-stadtrat.de\/index.php?rest_route=%2Fwp%2Fv2%2Fcategories&post=5056"},{"taxonomy":"post_tag","embeddable":true,"href":"https:\/\/spd-stadtrat.de\/index.php?rest_route=%2Fwp%2Fv2%2Ftags&post=5056"}],"curies":[{"name":"wp","href":"https:\/\/api.w.org\/{rel}","templated":true}]}}