{"id":5065,"date":"2021-06-22T06:51:15","date_gmt":"2021-06-22T04:51:15","guid":{"rendered":"http:\/\/spd-stadtrat.de\/?p=5065"},"modified":"2021-06-22T06:51:15","modified_gmt":"2021-06-22T04:51:15","slug":"es-bewegt-sich-was-im-nibelungenareal-es-kommt-ein-wochenmarkt","status":"publish","type":"post","link":"https:\/\/spd-stadtrat.de\/?p=5065","title":{"rendered":"Es bewegt sich was im Nibelungenareal! Es kommt ein Wochenmarkt!"},"content":{"rendered":"\n<p class=\"has-text-align-right\">\u00a0\u00a0\u00a0\u00a0\u00a0Regensburg, 21.06.2021<\/p>\n\n\n\n<p>\u201eEndlich kommt der Markt ins Nibelungenareal, f\u00fcr den wir uns jetzt seit fast zwei Jahren einsetzen\u201c, freut sich die Stadtr\u00e4tin Evelyn Kolbe-Stockert, \u201eEr wird ab dem 25.06.2021 immer am Freitag zwischen 13 und 17 Uhr auf dem Parkplatz unterhalb der FOS\/BOS stattfinden\u201c Als Angebot zum Start soll es Wurst und Fleisch , Backwaren, Obst und Gem\u00fcse Spargel und Erdbeeren, Kaffeebohnen, Oliven\u00f6l und Antipasti , Fruchts\u00e4fte und Edelbr\u00e4nde geben und mit etwas Gl\u00fcck bekommt der Markt vielleicht sogar noch einen Fischh\u00e4ndler mit Fischbraterei dazu\u201c<\/p>\n\n\n\n<figure class=\"wp-block-image size-large is-resized\"><a href=\"https:\/\/spd-stadtrat.de\/wp-content\/uploads\/2021\/06\/WoMa-Nibelungen.jpg\"><img loading=\"lazy\" src=\"https:\/\/spd-stadtrat.de\/wp-content\/uploads\/2021\/06\/WoMa-Nibelungen-1024x687.jpg\" alt=\"\" class=\"wp-image-5066\" width=\"465\" height=\"312\" srcset=\"https:\/\/spd-stadtrat.de\/wp-content\/uploads\/2021\/06\/WoMa-Nibelungen-1024x687.jpg 1024w, https:\/\/spd-stadtrat.de\/wp-content\/uploads\/2021\/06\/WoMa-Nibelungen-300x201.jpg 300w, https:\/\/spd-stadtrat.de\/wp-content\/uploads\/2021\/06\/WoMa-Nibelungen-768x515.jpg 768w, https:\/\/spd-stadtrat.de\/wp-content\/uploads\/2021\/06\/WoMa-Nibelungen-600x402.jpg 600w, https:\/\/spd-stadtrat.de\/wp-content\/uploads\/2021\/06\/WoMa-Nibelungen.jpg 1163w\" sizes=\"(max-width: 465px) 100vw, 465px\" \/><\/a><figcaption>Evelyn Kolbe-Stockert (li.) und ihre Mitstreiter:innen f\u00fcr den Wochenmarkt<\/figcaption><\/figure>\n\n\n\n<p>Bereits in der vergangenen Stadtratsperiode hat sich der SPD-Ortsverein S\u00fcdosten Kasernenviertel f\u00fcr einen Wochenmarkt auf politischen Wege stark gemacht und einen Antrag gestellt. Dieser wurde von der damaligen Bunten Koalition aufgenommen und in den Stadtrat eingebracht. Es gab immer wieder Aktivit\u00e4ten zu diesem Thema, u.a. auch einen Presseartikel im Juni 2020<\/p>\n\n\n\n<p>In den letzten Wochen war der Ortsverein dann sehr stark in die praktische Vorbereitung eingebunden: \u201eWir haben einen geeigneten Standort gesucht und zusammen mit dem Marktmeister Ideen und M\u00f6glichkeiten entwickelt, um die notwendigen Anforderungen f\u00fcr einen dauerhaften st\u00e4dtischen Markt zu schaffen\u201c, erkl\u00e4rt Petra Weiherer, Mitglied des Ortsvereins und selbst Bewohnerin des Nibelungenviertels. \u201eNat\u00fcrlich freue ich mich jetzt riesig, dass es endlich klappt.\u201c<\/p>\n\n\n\n<p>Wichtig war es, dass der Markt die notwendige Infrastruktur wie Wasser, Strom, WC, Zu- und Abfahrt erh\u00e4lt, so dass dort ein geregelter und regelm\u00e4\u00dfiger Marktbetrieb abgehalten werden kann. Hierbei gilt ein besonderer Dank den Regensburger Eltern, die sich sehr offen f\u00fcr die Idee eines Wochenmarktes vor den Toren ihres Bauspielplatzes zeigten und ihre Unterst\u00fctzung zugesagt haben. Sehr positiv zu sehen ist zudem die geplante Verl\u00e4ngerung der Buslinie 5, die die Erreichbarkeit des Marktes steigert. Sie soll ab dem Juli 2021 ihren Fahrbetrieb aufnehmen und vom Bahnhof \u00fcber die Techbase durch das Nibelungenareal zum Jahn-Stadion f\u00fchren.<\/p>\n\n\n\n<p>F\u00fcr den Ortsverein ist der Markt eines der n\u00f6tigen Puzzleteilchen f\u00fcr die weitere positive &nbsp;Entwicklung des ehemaligen Nibelungenkasernenareals, welches aber nicht alleine bleiben darf. \u201eEs muss ein Gef\u00fchl der Zusammengeh\u00f6rigkeit und ein zentraler Anlaufpunkt im Viertel entstehen, daf\u00fcr ist u.a. der Markt ein wichtiger<br>Schritt\u201c findet Sebastian Kropp, Vorsitzender des Ortsvereins, \u201eIm Gegensatz zur \u201eViktualienmarkt Idee\u201c in der Innenstadt, wird hier tats\u00e4chlich ein Viertel belebt, in dem die Menschen wohnen und ihre t\u00e4glichen Eink\u00e4ufe erledigen m\u00fcssen.\u201c<\/p>\n","protected":false},"excerpt":{"rendered":"<p>\u00a0\u00a0\u00a0\u00a0\u00a0Regensburg, 21.06.2021 \u201eEndlich kommt der Markt ins Nibelungenareal, f\u00fcr den wir uns jetzt seit fast zwei Jahren einsetzen\u201c, freut sich die Stadtr\u00e4tin Evelyn Kolbe-Stockert, \u201eEr wird ab dem 25.06.2021 immer am Freitag zwischen 13 und 17 Uhr auf dem Parkplatz<\/p>\n","protected":false},"author":6,"featured_media":0,"comment_status":"closed","ping_status":"open","sticky":false,"template":"","format":"standard","meta":{"ngg_post_thumbnail":0},"categories":[1],"tags":[],"jetpack_featured_media_url":"","_links":{"self":[{"href":"https:\/\/spd-stadtrat.de\/index.php?rest_route=\/wp\/v2\/posts\/5065"}],"collection":[{"href":"https:\/\/spd-stadtrat.de\/index.php?rest_route=\/wp\/v2\/posts"}],"about":[{"href":"https:\/\/spd-stadtrat.de\/index.php?rest_route=\/wp\/v2\/types\/post"}],"author":[{"embeddable":true,"href":"https:\/\/spd-stadtrat.de\/index.php?rest_route=\/wp\/v2\/users\/6"}],"replies":[{"embeddable":true,"href":"https:\/\/spd-stadtrat.de\/index.php?rest_route=%2Fwp%2Fv2%2Fcomments&post=5065"}],"version-history":[{"count":2,"href":"https:\/\/spd-stadtrat.de\/index.php?rest_route=\/wp\/v2\/posts\/5065\/revisions"}],"predecessor-version":[{"id":5091,"href":"https:\/\/spd-stadtrat.de\/index.php?rest_route=\/wp\/v2\/posts\/5065\/revisions\/5091"}],"wp:attachment":[{"href":"https:\/\/spd-stadtrat.de\/index.php?rest_route=%2Fwp%2Fv2%2Fmedia&parent=5065"}],"wp:term":[{"taxonomy":"category","embeddable":true,"href":"https:\/\/spd-stadtrat.de\/index.php?rest_route=%2Fwp%2Fv2%2Fcategories&post=5065"},{"taxonomy":"post_tag","embeddable":true,"href":"https:\/\/spd-stadtrat.de\/index.php?rest_route=%2Fwp%2Fv2%2Ftags&post=5065"}],"curies":[{"name":"wp","href":"https:\/\/api.w.org\/{rel}","templated":true}]}}