{"id":5086,"date":"2021-08-23T09:47:08","date_gmt":"2021-08-23T07:47:08","guid":{"rendered":"http:\/\/spd-stadtrat.de\/?p=5086"},"modified":"2022-04-05T10:13:49","modified_gmt":"2022-04-05T08:13:49","slug":"ein-wichtiger-meilenstein-auf-dem-weg-zur-smart-city-regensburg-startschuss-fuer-das-modellprojekt-regensburg_next","status":"publish","type":"post","link":"https:\/\/spd-stadtrat.de\/?p=5086","title":{"rendered":"Ein wichtiger Meilenstein auf dem Weg zur Smart City Regensburg: Startschuss f\u00fcr das Modellprojekt REGENSBURG_NEXT"},"content":{"rendered":"\n<p>\u201eEndlich geht\u2019s los: Regensburg gibt Gas auf dem Weg zur Smart City\u201c, freut Dr. Thomas Burger, Vorsitzender der SPD-Stadtratsfraktion: \u201eAuf der Tagesordnung des Ferienausschusses steht nun der Startschuss f\u00fcr das Modellprojekt REGENSBURG_NEXT.\u201c Burger hatte sich bereits im Vorfeld nachdr\u00fccklich f\u00fcr die Bewerbung als Modellprojekt positioniert. Die Stadt Regensburg ist mit dem Modellprojekt REGENSBURG_NEXT als eine von 28 Kommunen in die dritte Staffel des F\u00f6rderprogramms \u201eModellprojekte Smart Cities: Stadtentwicklung und Digitalisierung\u201c des Bundesministeriums des Innern aufgenommen worden. <\/p>\n\n\n\n<figure class=\"wp-block-image size-large is-resized\"><a href=\"https:\/\/spd-stadtrat.de\/wp-content\/uploads\/2021\/08\/Praesentation_Regensburg_Next.jpg\"><img loading=\"lazy\" src=\"https:\/\/spd-stadtrat.de\/wp-content\/uploads\/2021\/08\/Praesentation_Regensburg_Next-1024x683.jpg\" alt=\"\" class=\"wp-image-5089\" width=\"490\" height=\"327\" srcset=\"https:\/\/spd-stadtrat.de\/wp-content\/uploads\/2021\/08\/Praesentation_Regensburg_Next-1024x683.jpg 1024w, https:\/\/spd-stadtrat.de\/wp-content\/uploads\/2021\/08\/Praesentation_Regensburg_Next-300x200.jpg 300w, https:\/\/spd-stadtrat.de\/wp-content\/uploads\/2021\/08\/Praesentation_Regensburg_Next-768x512.jpg 768w, https:\/\/spd-stadtrat.de\/wp-content\/uploads\/2021\/08\/Praesentation_Regensburg_Next-600x400.jpg 600w, https:\/\/spd-stadtrat.de\/wp-content\/uploads\/2021\/08\/Praesentation_Regensburg_Next.jpg 1494w\" sizes=\"(max-width: 490px) 100vw, 490px\" \/><\/a><\/figure>\n\n\n\n<p>Die SPD-Bundestagsabgeordnete Marianne Schieder, die derzeit den Wahlkreis Regensburg betreut, hat die Regensburger Bewerbung tatkr\u00e4ftig unterst\u00fctzt. Gemeinsam mit Stadtr\u00e4tin Evelyn Kolbe-Stockert, stellvertretende Vorsitzende der SPD-Stadtratsfraktion, und Dr. Carolin Wagner,\u00a0 Vorsitzende der SPD Oberpfalz und Regensburger Bundestagskandidatin, besprach sie die weiteren Schritte mit dem Regensburger Wirtschafts-, Wissenschafts- und Finanzreferent Prof. Dr. Georg Stephan Barfu\u00df und Franziska Meier, der Smart-City-Koordinatorin der Stadt Regensburg. \u201eRegensburg hat sich mit einer \u00fcberzeugenden Strategie und ihrem Konzept REGENSBURG_NEXT beworben, das technische, wirtschaftliche und gesellschaftliche Innovationen beinhaltet und damit als Modellprojekt erfolgreich \u00fcberzeugt hat\u201c, so Schieder. \u201eVon den veranschlagten Finanzmitteln in H\u00f6he von 17 Mio. Euro erhalten wir durch den Zuschlag eine F\u00f6rderung in H\u00f6he von 11 Mio. Euro\u201c, hebt Kolbe-Stockert hervor: \u201eWir fangen nicht bei null an, Ma\u00dfnahmen wie Emil, der autonom fahrende Shuttle-Bus im Gewerbepark oder das geplante integrierte digitale Entwicklungskonzept f\u00fcr das Innovationsquartier \u201aPrinz-Leopold-Kaserne\u2018 im Osten der Stadt zeigen dies. Aber das Modellprojekt gibt nun einen ordentlichen umfassenden Schub auf dem Weg zu Smart City.\u201c <\/p>\n\n\n\n<p>Eine erfolgreiche Umsetzung sehe sie dabei durch die notwendige Einbindung von B\u00fcrgerinnen und B\u00fcrgern und entsprechenden Akteuren innerhalb und au\u00dferhalb der Stadtverwaltung. \u201eZiel einer Smart City ist es, die Stadt lebenswerter, technologisch effizienter, \u00f6kologischer, nachhaltiger, sozial inklusiver und gerechter zu gestalten\u201c, so Kolbe-Stockert. Dr. Wagner sehe durch das Modellprojekt zudem eine weitere St\u00e4rkung der Stadt Regensburg in ihrer als Rolle als zentralen Knoten f\u00fcr regionalen, nationalen und internationalen Austausch in innovativen Bereichen. Der Schl\u00fcssel zum Erfolg stelle laut Dr. Burger bei diesem Modellprojekt neben dem hervorragenden Einsatz des Referenten Prof. Dr. Barfu\u00df auch die zentrale Klammerfunktion \u00fcber die verschiedenen Ma\u00dfnahmen durch die Smart-City-Koordinatorin Meier dar. \u201eSmart City darf dabei kein Selbstzweck sein. Vielmehr gehe es darum, anstehenden Herausforderung mit innovativen L\u00f6sungen zu begegnen\u201c, unterstreicht Dr. Burger: \u201eEine erfolgreiche Umsetzung wird ein sehr wichtiger Standortfaktor f\u00fcr die Zukunft Regensburgs als Lebens-, Wirtschafts- und Wissenschaftsraum sein.\u201c\u00a0 Bild: REGENSBURG_NEXT \u2013 Stadtr\u00e4tin Evelyn Kolbe-Stockert im Gespr\u00e4ch mit dem Wirtschafts-, Wissenschafts- und Finanzreferenten Prof. Dr. Georg Barfu\u00df und der Bundestagsabgeordneten Marianne Schieder. [Foto: Michael Bothner]<\/p>\n","protected":false},"excerpt":{"rendered":"<p>\u201eEndlich geht\u2019s los: Regensburg gibt Gas auf dem Weg zur Smart City\u201c, freut Dr. Thomas Burger, Vorsitzender der SPD-Stadtratsfraktion: \u201eAuf der Tagesordnung des Ferienausschusses steht nun der Startschuss f\u00fcr das Modellprojekt REGENSBURG_NEXT.\u201c Burger hatte sich bereits im Vorfeld nachdr\u00fccklich f\u00fcr<\/p>\n","protected":false},"author":3,"featured_media":5089,"comment_status":"closed","ping_status":"open","sticky":false,"template":"","format":"standard","meta":{"ngg_post_thumbnail":0},"categories":[1],"tags":[],"jetpack_featured_media_url":"https:\/\/spd-stadtrat.de\/wp-content\/uploads\/2021\/08\/Praesentation_Regensburg_Next.jpg","_links":{"self":[{"href":"https:\/\/spd-stadtrat.de\/index.php?rest_route=\/wp\/v2\/posts\/5086"}],"collection":[{"href":"https:\/\/spd-stadtrat.de\/index.php?rest_route=\/wp\/v2\/posts"}],"about":[{"href":"https:\/\/spd-stadtrat.de\/index.php?rest_route=\/wp\/v2\/types\/post"}],"author":[{"embeddable":true,"href":"https:\/\/spd-stadtrat.de\/index.php?rest_route=\/wp\/v2\/users\/3"}],"replies":[{"embeddable":true,"href":"https:\/\/spd-stadtrat.de\/index.php?rest_route=%2Fwp%2Fv2%2Fcomments&post=5086"}],"version-history":[{"count":3,"href":"https:\/\/spd-stadtrat.de\/index.php?rest_route=\/wp\/v2\/posts\/5086\/revisions"}],"predecessor-version":[{"id":5532,"href":"https:\/\/spd-stadtrat.de\/index.php?rest_route=\/wp\/v2\/posts\/5086\/revisions\/5532"}],"wp:featuredmedia":[{"embeddable":true,"href":"https:\/\/spd-stadtrat.de\/index.php?rest_route=\/wp\/v2\/media\/5089"}],"wp:attachment":[{"href":"https:\/\/spd-stadtrat.de\/index.php?rest_route=%2Fwp%2Fv2%2Fmedia&parent=5086"}],"wp:term":[{"taxonomy":"category","embeddable":true,"href":"https:\/\/spd-stadtrat.de\/index.php?rest_route=%2Fwp%2Fv2%2Fcategories&post=5086"},{"taxonomy":"post_tag","embeddable":true,"href":"https:\/\/spd-stadtrat.de\/index.php?rest_route=%2Fwp%2Fv2%2Ftags&post=5086"}],"curies":[{"name":"wp","href":"https:\/\/api.w.org\/{rel}","templated":true}]}}