{"id":5099,"date":"2021-09-09T14:08:00","date_gmt":"2021-09-09T12:08:00","guid":{"rendered":"http:\/\/spd-stadtrat.de\/?p=5099"},"modified":"2022-04-05T10:12:23","modified_gmt":"2022-04-05T08:12:23","slug":"online-meldesystem-fuer-gefahren-und-aergernisse-im-stadtbild","status":"publish","type":"post","link":"https:\/\/spd-stadtrat.de\/?p=5099","title":{"rendered":"Online-Meldesystem f\u00fcr Gefahren und \u00c4rgernisse im Stadtbild"},"content":{"rendered":"\n<p class=\"has-text-align-right\">Regensburg, 08.09.2021<\/p>\n\n\n\n<div class=\"wp-block-image\"><figure class=\"alignleft size-large is-resized\"><a href=\"https:\/\/spd-stadtrat.de\/wp-content\/uploads\/2021\/09\/Schild-1.jpg\"><img loading=\"lazy\" src=\"https:\/\/spd-stadtrat.de\/wp-content\/uploads\/2021\/09\/Schild-1.jpg\" alt=\"\" class=\"wp-image-5103\" width=\"133\" height=\"201\" srcset=\"https:\/\/spd-stadtrat.de\/wp-content\/uploads\/2021\/09\/Schild-1.jpg 498w, https:\/\/spd-stadtrat.de\/wp-content\/uploads\/2021\/09\/Schild-1-200x300.jpg 200w\" sizes=\"(max-width: 133px) 100vw, 133px\" \/><\/a><figcaption><em>Zugewachsene Schilder k\u00f6nnen ein Sicherheitsrisiko sein. <\/em><br><em>[Bild: Eduard Beer]<\/em><\/figcaption><\/figure><\/div>\n\n\n\n<p>\u201eZerbrochene Glasflaschen im Sandkasten, herausgebrochene Pflastersteine im Gehweg, ausgefallene Stra\u00dfenbeleuchtungen, Sperrm\u00fcll im Gr\u00fcnstreifen, ein alter Altreifen im Geb\u00fcsch oder Reste einer Grillparty in der Gr\u00fcnanlage: Wir alle kennen diese Situationen, die zu \u00c4rgernissen und Gefahren im Alltag f\u00fchren aus eigenem Erleben\u201c, schildert Stadtr\u00e4tin Evelyn Kolbe-Stockert, die h\u00e4ufiger wegen derartiger Probleme von Mitb\u00fcrgerinnen und Mitb\u00fcrgern kontaktiert wurde.<\/p>\n\n\n\n<p>M\u00fcnchen hat gerade eine neue Onlineplattform unter dem Motto \u201eSag uns, was kaputt oder verschmutzt ist. Wir k\u00fcmmern uns darum\u201c ins Leben gerufen. Die SPD-Stadtratsfraktion hat sich deshalb mit der Anregung an Oberb\u00fcrgermeisterin Maltz-Schwarzfischer gewandt, ob in Regensburg ebenfalls ein vergleichbar effizientes und transparentes Meldesystem und in Verbindung mit einem \u00e4hnlich smarten Management von Meldungen geschaffen werden k\u00f6nne.<\/p>\n\n\n\n<div class=\"wp-block-image\"><figure class=\"alignright size-large is-resized\"><a href=\"https:\/\/spd-stadtrat.de\/wp-content\/uploads\/2021\/09\/Abfall-1.jpg\"><img loading=\"lazy\" src=\"https:\/\/spd-stadtrat.de\/wp-content\/uploads\/2021\/09\/Abfall-1.jpg\" alt=\"\" class=\"wp-image-5106\" width=\"213\" height=\"142\" srcset=\"https:\/\/spd-stadtrat.de\/wp-content\/uploads\/2021\/09\/Abfall-1.jpg 640w, https:\/\/spd-stadtrat.de\/wp-content\/uploads\/2021\/09\/Abfall-1-300x200.jpg 300w, https:\/\/spd-stadtrat.de\/wp-content\/uploads\/2021\/09\/Abfall-1-600x399.jpg 600w\" sizes=\"(max-width: 213px) 100vw, 213px\" \/><\/a><figcaption><em>R\u00fccksichtsloses Verhalten auf Kosten<\/em><br><em> der Umwelt \u2013 ein echtes \u00c4rgernis.<\/em><br><em> [Bild: Alexander Irmisch]<\/em><\/figcaption><\/figure><\/div>\n\n\n\n<p>\u201eWir sehen in einer solchen Online-L\u00f6sung eine schnelle und hinsichtlich der Erledigung des Anliegens transparente M\u00f6glichkeit, unsere Stadt noch sch\u00f6ner und sicherer zu machen,\u201c so der SPD-Fraktionsvorsitzender Dr. Thomas Burger: \u201eEin derartiges Meldesystem unterst\u00fctzt letztendlich auch die zust\u00e4ndigen Stellen bei der Stadt Regensburg in Hinblick auf das Erkennen von Gefahren und \u00c4rgernissen.\u201c<\/p>\n\n\n\n<p><\/p>\n","protected":false},"excerpt":{"rendered":"<p>Regensburg, 08.09.2021 \u201eZerbrochene Glasflaschen im Sandkasten, herausgebrochene Pflastersteine im Gehweg, ausgefallene Stra\u00dfenbeleuchtungen, Sperrm\u00fcll im Gr\u00fcnstreifen, ein alter Altreifen im Geb\u00fcsch oder Reste einer Grillparty in der Gr\u00fcnanlage: Wir alle kennen diese Situationen, die zu \u00c4rgernissen und Gefahren im Alltag f\u00fchren<\/p>\n","protected":false},"author":6,"featured_media":5106,"comment_status":"closed","ping_status":"open","sticky":false,"template":"","format":"standard","meta":{"ngg_post_thumbnail":0},"categories":[1],"tags":[],"jetpack_featured_media_url":"https:\/\/spd-stadtrat.de\/wp-content\/uploads\/2021\/09\/Abfall-1.jpg","_links":{"self":[{"href":"https:\/\/spd-stadtrat.de\/index.php?rest_route=\/wp\/v2\/posts\/5099"}],"collection":[{"href":"https:\/\/spd-stadtrat.de\/index.php?rest_route=\/wp\/v2\/posts"}],"about":[{"href":"https:\/\/spd-stadtrat.de\/index.php?rest_route=\/wp\/v2\/types\/post"}],"author":[{"embeddable":true,"href":"https:\/\/spd-stadtrat.de\/index.php?rest_route=\/wp\/v2\/users\/6"}],"replies":[{"embeddable":true,"href":"https:\/\/spd-stadtrat.de\/index.php?rest_route=%2Fwp%2Fv2%2Fcomments&post=5099"}],"version-history":[{"count":12,"href":"https:\/\/spd-stadtrat.de\/index.php?rest_route=\/wp\/v2\/posts\/5099\/revisions"}],"predecessor-version":[{"id":5115,"href":"https:\/\/spd-stadtrat.de\/index.php?rest_route=\/wp\/v2\/posts\/5099\/revisions\/5115"}],"wp:featuredmedia":[{"embeddable":true,"href":"https:\/\/spd-stadtrat.de\/index.php?rest_route=\/wp\/v2\/media\/5106"}],"wp:attachment":[{"href":"https:\/\/spd-stadtrat.de\/index.php?rest_route=%2Fwp%2Fv2%2Fmedia&parent=5099"}],"wp:term":[{"taxonomy":"category","embeddable":true,"href":"https:\/\/spd-stadtrat.de\/index.php?rest_route=%2Fwp%2Fv2%2Fcategories&post=5099"},{"taxonomy":"post_tag","embeddable":true,"href":"https:\/\/spd-stadtrat.de\/index.php?rest_route=%2Fwp%2Fv2%2Ftags&post=5099"}],"curies":[{"name":"wp","href":"https:\/\/api.w.org\/{rel}","templated":true}]}}