{"id":5124,"date":"2021-10-04T11:35:58","date_gmt":"2021-10-04T09:35:58","guid":{"rendered":"http:\/\/spd-stadtrat.de\/?p=5124"},"modified":"2022-04-05T10:11:44","modified_gmt":"2022-04-05T08:11:44","slug":"wege-aus-der-krise-der-mensch-im-mittelpunkt-weiterer-ausbau-der-jugendsozialarbeit-an-schulen","status":"publish","type":"post","link":"https:\/\/spd-stadtrat.de\/?p=5124","title":{"rendered":"Wege aus der Krise \u2013 Der Mensch im Mittelpunkt; Weiterer Ausbau der Jugendsozialarbeit an Schulen"},"content":{"rendered":"\n<p class=\"has-text-align-right\">Regensburg, 03.10.2021<\/p>\n\n\n\n<figure class=\"wp-block-image size-large is-resized\"><img loading=\"lazy\" src=\"https:\/\/spd-stadtrat.de\/wp-content\/uploads\/2021\/10\/20211003_160530-300x225.jpg\" alt=\"\" class=\"wp-image-5126\" width=\"388\" height=\"291\" srcset=\"https:\/\/spd-stadtrat.de\/wp-content\/uploads\/2021\/10\/20211003_160530-300x225.jpg 300w, https:\/\/spd-stadtrat.de\/wp-content\/uploads\/2021\/10\/20211003_160530-1024x768.jpg 1024w, https:\/\/spd-stadtrat.de\/wp-content\/uploads\/2021\/10\/20211003_160530-768x576.jpg 768w, https:\/\/spd-stadtrat.de\/wp-content\/uploads\/2021\/10\/20211003_160530-600x450.jpg 600w, https:\/\/spd-stadtrat.de\/wp-content\/uploads\/2021\/10\/20211003_160530.jpg 1032w\" sizes=\"(max-width: 388px) 100vw, 388px\" \/><\/figure>\n\n\n\n<p>&nbsp;\u201eZu oft wird der Weg aus der Corona-Krise vor allem als technisches Problem begriffen, dabei muss bei allen Ma\u00dfnahmen stets der Mensch im Mittelpunkt stehen\u201c, betont Dr. Thomas Burger, Vorsitzender der SPD-Fraktion im Regensburger Stadtrat: \u201eLuftreinigungsger\u00e4te, L\u00fcftungsanlagen und Tests sind hilfreiche Elemente bei der Pandemiebek\u00e4mpfung, die Gesundheit und das Wohlbefinden insbesondere von jungen Menschen h\u00e4ngt aber von noch viel mehr ab.\u201c<\/p>\n\n\n\n<p>\u201eGerade Kinder und Jugendliche haben mit am meisten unter den drastischen Kontaktbeschr\u00e4nkungen gelitten\u201c, so die jugendpolitische Sprecherin der SPD-Stadtratsfraktion, Evelyn Kolbe-Stockert. Deshalb freue sie sich sehr, dass die Jugendsozialarbeit an Schulen (JaS) durch den Beschluss in der letzten Sitzung des Jugendhilfeausschusses weiter ausgebaut werden konnte. Bereits an 27 Schulen im Stadtgebiet konnte Jugendsozialarbeit an Schulen (JaS) realisiert werden. \u201eWie die Erfahrung gezeigt hat, hat sich das Konzept der Jugendsozialarbeit an Schulen au\u00dferordentlich gut bew\u00e4hrt\u201c, unterstreicht Kolbe-Stockert. Es sei der SPD-Fraktion bereits in der Vergangenheit ein sehr wichtiges Anliegen gewesen, an Schulen Jugendsozialarbeit einzuf\u00fchren, erg\u00e4nzt Dr. Burger. Der Erfolg zeige, wie wichtig diese Entscheidung damals gewesen sei.<\/p>\n\n\n\n<p>\u201eEin weiterer positiver Punkt: Aufgrund der bedarfsgerechten Anpassung kann nun auch an der Gerhardinger-Schule ein JaS-Angebot geschaffen werden\u201c, freut sich Kolbe-Stockert. Daneben werde das bereits bestehende Angebot an der Grundschule am Napoleonstein und am Beruflichen Schulzentrum Matth\u00e4us Runtinger ausgeweitet.<\/p>\n\n\n\n<p>\u201eNach einem wahrhaft ungew\u00f6hnlichen und f\u00fcr alle Beteiligten sehr herausfordernden Schuljahr zwischen Lockdown, Wechsel- und Pr\u00e4senzunterricht ist es nun besonders wichtig, mit einem guten Angebot von Jugendsozialarbeit an Schulen vor Ort zu sein und wichtige Hilfestellungen geben zu k\u00f6nnen\u201c, hebt Dr. Burger hervor: \u201eIch bin allen Mitarbeiterinnen und Mitarbeitern f\u00fcr ihren gro\u00dfen Einsatz und ihr Herzblut zum Wohle unserer Kinder und Jugendlichen sehr dankbar.\u201c<\/p>\n","protected":false},"excerpt":{"rendered":"<p>Regensburg, 03.10.2021 &nbsp;\u201eZu oft wird der Weg aus der Corona-Krise vor allem als technisches Problem begriffen, dabei muss bei allen Ma\u00dfnahmen stets der Mensch im Mittelpunkt stehen\u201c, betont Dr. Thomas Burger, Vorsitzender der SPD-Fraktion im Regensburger Stadtrat: \u201eLuftreinigungsger\u00e4te, L\u00fcftungsanlagen und<\/p>\n","protected":false},"author":6,"featured_media":5126,"comment_status":"closed","ping_status":"open","sticky":false,"template":"","format":"standard","meta":{"ngg_post_thumbnail":0},"categories":[1],"tags":[],"jetpack_featured_media_url":"https:\/\/spd-stadtrat.de\/wp-content\/uploads\/2021\/10\/20211003_160530.jpg","_links":{"self":[{"href":"https:\/\/spd-stadtrat.de\/index.php?rest_route=\/wp\/v2\/posts\/5124"}],"collection":[{"href":"https:\/\/spd-stadtrat.de\/index.php?rest_route=\/wp\/v2\/posts"}],"about":[{"href":"https:\/\/spd-stadtrat.de\/index.php?rest_route=\/wp\/v2\/types\/post"}],"author":[{"embeddable":true,"href":"https:\/\/spd-stadtrat.de\/index.php?rest_route=\/wp\/v2\/users\/6"}],"replies":[{"embeddable":true,"href":"https:\/\/spd-stadtrat.de\/index.php?rest_route=%2Fwp%2Fv2%2Fcomments&post=5124"}],"version-history":[{"count":1,"href":"https:\/\/spd-stadtrat.de\/index.php?rest_route=\/wp\/v2\/posts\/5124\/revisions"}],"predecessor-version":[{"id":5127,"href":"https:\/\/spd-stadtrat.de\/index.php?rest_route=\/wp\/v2\/posts\/5124\/revisions\/5127"}],"wp:featuredmedia":[{"embeddable":true,"href":"https:\/\/spd-stadtrat.de\/index.php?rest_route=\/wp\/v2\/media\/5126"}],"wp:attachment":[{"href":"https:\/\/spd-stadtrat.de\/index.php?rest_route=%2Fwp%2Fv2%2Fmedia&parent=5124"}],"wp:term":[{"taxonomy":"category","embeddable":true,"href":"https:\/\/spd-stadtrat.de\/index.php?rest_route=%2Fwp%2Fv2%2Fcategories&post=5124"},{"taxonomy":"post_tag","embeddable":true,"href":"https:\/\/spd-stadtrat.de\/index.php?rest_route=%2Fwp%2Fv2%2Ftags&post=5124"}],"curies":[{"name":"wp","href":"https:\/\/api.w.org\/{rel}","templated":true}]}}