{"id":5133,"date":"2021-10-13T13:17:29","date_gmt":"2021-10-13T11:17:29","guid":{"rendered":"http:\/\/spd-stadtrat.de\/?p=5133"},"modified":"2022-04-05T10:11:12","modified_gmt":"2022-04-05T08:11:12","slug":"quo-vadis-eishockeystandort-regensburg","status":"publish","type":"post","link":"https:\/\/spd-stadtrat.de\/?p=5133","title":{"rendered":"Quo Vadis \u2013 Eishockeystandort Regensburg"},"content":{"rendered":"\n<p class=\"has-text-align-right\">Regensburg, 12.10.2021<\/p>\n\n\n\n<p>\u201eQuo Vadis \u2013 Eishockeystandort Regensburg?\u201c, unter diesem Leitbegriff traf sich die SPD-Stadtratsfraktion zu einem Gedankenaustausch mit Christian Volkmer, Vorsitzender des EVR.<\/p>\n\n\n\n<figure class=\"wp-block-image size-large\"><a href=\"https:\/\/spd-stadtrat.de\/wp-content\/uploads\/2021\/10\/EVR-2_.jpg\"><img loading=\"lazy\" width=\"1024\" height=\"679\" src=\"https:\/\/spd-stadtrat.de\/wp-content\/uploads\/2021\/10\/EVR-2_-1024x679.jpg\" alt=\"\" class=\"wp-image-5134\" srcset=\"https:\/\/spd-stadtrat.de\/wp-content\/uploads\/2021\/10\/EVR-2_-1024x679.jpg 1024w, https:\/\/spd-stadtrat.de\/wp-content\/uploads\/2021\/10\/EVR-2_-300x199.jpg 300w, https:\/\/spd-stadtrat.de\/wp-content\/uploads\/2021\/10\/EVR-2_-768x509.jpg 768w, https:\/\/spd-stadtrat.de\/wp-content\/uploads\/2021\/10\/EVR-2_-600x398.jpg 600w, https:\/\/spd-stadtrat.de\/wp-content\/uploads\/2021\/10\/EVR-2_-1536x1018.jpg 1536w, https:\/\/spd-stadtrat.de\/wp-content\/uploads\/2021\/10\/EVR-2_-2048x1358.jpg 2048w\" sizes=\"(max-width: 1024px) 100vw, 1024px\" \/><\/a><figcaption><em>Die SPD-Fraktion um den Fraktionsvorsitzenden Dr. Thomas Burger sowie der Oberb\u00fcrgermeisterin Gertrud Maltz-Schwarzfischer mit dem EVR-Vorsitzenden Christian Volkmer in der Umkleidekabine der Eisb\u00e4ren<\/em><\/figcaption><\/figure>\n\n\n\n<p>\u201eCorona ist auch an den Big Playern des Regensburger Sports nicht unbemerkt vor\u00fcbergegangen. Deshalb haben wir sehr gerne die Gelegenheit zum pers\u00f6nlichen Austausch mit der EVR-F\u00fchrung genutzt, um uns vor Ort ein Bild von der aktuellen Situation beim EVR zu machen\u201c, so SPD-Fraktionsvorsitzender Dr. Thomas Burger: \u201eUns ist als SPD-Fraktion sehr wichtig, f\u00fcr hochengagierte Vereine wie dem EVR, die nicht nur mit ihrem sportlichen Erfolg, sondern insbesondere durch einen hervorragendes ehrenamtliches Einsatz und einer beeindruckenden Nachwuchsarbeit auffallen und damit eine wichtige Rolle in der Regensburger Stadtgesellschaft spielen, die passenden Rahmenbedingungen seitens der Stadt zu schaffen.\u201c<\/p>\n\n\n\n<p>\u00dcber das ungebrochene Interesse von Kindern und Jugendlichen am Eishockeysport freut sich der sportpolitische Sprecher Hans Holler. \u201eDer Vereinsf\u00fchrung und den vielen Ehrenamtlichen im EVR geb\u00fchrt gro\u00dfe Anerkennung daf\u00fcr, dass sie trotz Corona die erfolgreiche Jugendarbeit der vergangenen Jahre bei den Kindern ab der U7 sogar noch ausbauen konnten\u201c, betont Stadtrat Hans Holler, sportpolitischer Sprecher der SPD-Fraktion.<\/p>\n\n\n\n<p>Neben der Bestandaufnahme nach Corona stand dabei auch die Frage im Mittelpunkt, wohin es mit dem Eishockeysport in Regensburg in den n\u00e4chsten Jahren gehen soll und kann. \u201eWir begr\u00fc\u00dfen es ausdr\u00fccklich, dass der Verein sich sowohl f\u00fcr den Nachwuchs als auch f\u00fcr die Profimannschaft der Eisb\u00e4ren GmbH auf den Weg gemacht hat, eine langfristige Perspektivplanung in Angriff zu nehmen\u201c, stellt Oberb\u00fcrgermeisterin Gertrud Maltz-Schwarzfischer fest. Sie unterstrich zudem, dass f\u00fcr die Stadt Regensburg als Sportstadt insbesondere auch der Eishockeysport weiterhin eine besondere Rolle spielen solle.<\/p>\n","protected":false},"excerpt":{"rendered":"<p>Regensburg, 12.10.2021 \u201eQuo Vadis \u2013 Eishockeystandort Regensburg?\u201c, unter diesem Leitbegriff traf sich die SPD-Stadtratsfraktion zu einem Gedankenaustausch mit Christian Volkmer, Vorsitzender des EVR. \u201eCorona ist auch an den Big Playern des Regensburger Sports nicht unbemerkt vor\u00fcbergegangen. Deshalb haben wir sehr<\/p>\n","protected":false},"author":6,"featured_media":5134,"comment_status":"closed","ping_status":"open","sticky":false,"template":"","format":"standard","meta":{"ngg_post_thumbnail":0},"categories":[1],"tags":[],"jetpack_featured_media_url":"https:\/\/spd-stadtrat.de\/wp-content\/uploads\/2021\/10\/EVR-2_.jpg","_links":{"self":[{"href":"https:\/\/spd-stadtrat.de\/index.php?rest_route=\/wp\/v2\/posts\/5133"}],"collection":[{"href":"https:\/\/spd-stadtrat.de\/index.php?rest_route=\/wp\/v2\/posts"}],"about":[{"href":"https:\/\/spd-stadtrat.de\/index.php?rest_route=\/wp\/v2\/types\/post"}],"author":[{"embeddable":true,"href":"https:\/\/spd-stadtrat.de\/index.php?rest_route=\/wp\/v2\/users\/6"}],"replies":[{"embeddable":true,"href":"https:\/\/spd-stadtrat.de\/index.php?rest_route=%2Fwp%2Fv2%2Fcomments&post=5133"}],"version-history":[{"count":1,"href":"https:\/\/spd-stadtrat.de\/index.php?rest_route=\/wp\/v2\/posts\/5133\/revisions"}],"predecessor-version":[{"id":5135,"href":"https:\/\/spd-stadtrat.de\/index.php?rest_route=\/wp\/v2\/posts\/5133\/revisions\/5135"}],"wp:featuredmedia":[{"embeddable":true,"href":"https:\/\/spd-stadtrat.de\/index.php?rest_route=\/wp\/v2\/media\/5134"}],"wp:attachment":[{"href":"https:\/\/spd-stadtrat.de\/index.php?rest_route=%2Fwp%2Fv2%2Fmedia&parent=5133"}],"wp:term":[{"taxonomy":"category","embeddable":true,"href":"https:\/\/spd-stadtrat.de\/index.php?rest_route=%2Fwp%2Fv2%2Fcategories&post=5133"},{"taxonomy":"post_tag","embeddable":true,"href":"https:\/\/spd-stadtrat.de\/index.php?rest_route=%2Fwp%2Fv2%2Ftags&post=5133"}],"curies":[{"name":"wp","href":"https:\/\/api.w.org\/{rel}","templated":true}]}}