{"id":5139,"date":"2021-10-22T10:12:52","date_gmt":"2021-10-22T08:12:52","guid":{"rendered":"http:\/\/spd-stadtrat.de\/?p=5139"},"modified":"2022-04-05T10:10:02","modified_gmt":"2022-04-05T08:10:02","slug":"stadt-regensburg-testet-einsatz-von-komposttoiletten-initiative-der-spd-fraktion-traegt-fruechte","status":"publish","type":"post","link":"https:\/\/spd-stadtrat.de\/?p=5139","title":{"rendered":"Stadt Regensburg testet Einsatz von Komposttoiletten; Initiative der SPD-Fraktion tr\u00e4gt Fr\u00fcchte"},"content":{"rendered":"\n<p class=\"has-text-align-right\">Regensburg, 22.10.2021<\/p>\n\n\n\n<p>\u201eDer Einsatz von Komposttoiletten wird nun seitens der Stadtverwaltung eingehender betrachtet\u201c, freut sich der SPD-Fraktionsvorsitzende Dr. Thomas Burger und verweist auf ein Schreiben von Oberb\u00fcrgermeisterin Gertrud Maltz-Schwarzfischer. Im Mai hatte Dr. Burger zusammen mit Hans Holler als umweltpolitischen Sprecher der SPD-Fraktion und der stellvertretenden Fraktionsvorsitzenden Evelyn Kolbe-Stockert mit einem Schreiben darum gebeten, Komposttoiletten als praktikable Erg\u00e4nzung bereits verwendeter WC-Anlagen zu pr\u00fcfen und an konkreten Standorten zu testen. \u201eUmweltfreundliche Trockentoiletten k\u00f6nnten gerade in und um Gr\u00fcnanlagen sowie bei Spielpl\u00e4tzen eine kosteng\u00fcnstige Alterative zu bisherigen dauerhaften Toilettenanlagen darstellen\u201c, so die SPD-Fraktion damals in ihrer Begr\u00fcndung.<\/p>\n\n\n\n<figure class=\"wp-block-image size-large is-resized\"><a href=\"https:\/\/spd-stadtrat.de\/wp-content\/uploads\/2021\/10\/Komposttoilette-1.jpg\"><img loading=\"lazy\" src=\"https:\/\/spd-stadtrat.de\/wp-content\/uploads\/2021\/10\/Komposttoilette-1.jpg\" alt=\"\" class=\"wp-image-5141\" width=\"246\" height=\"370\" srcset=\"https:\/\/spd-stadtrat.de\/wp-content\/uploads\/2021\/10\/Komposttoilette-1.jpg 647w, https:\/\/spd-stadtrat.de\/wp-content\/uploads\/2021\/10\/Komposttoilette-1-200x300.jpg 200w, https:\/\/spd-stadtrat.de\/wp-content\/uploads\/2021\/10\/Komposttoilette-1-600x901.jpg 600w\" sizes=\"(max-width: 246px) 100vw, 246px\" \/><\/a><figcaption>D<em>ie Kindertagesst\u00e4tte Burgweinting ist Vorreiterin: <\/em><br><em>Hier steht inzwischen eine neue Komposttoilette<\/em><\/figcaption><\/figure>\n\n\n\n<p>Das Stadtgartenamt werde nun eine Markterkundung f\u00fcr Komposttoiletten durchf\u00fchren und anschlie\u00dfend Standortvorschl\u00e4ge erarbeiten. Einsatzm\u00f6glichkeiten werden dabei ebenfalls insbesondere im Bereich von Gr\u00fcnfl\u00e4chen und Spielpl\u00e4tzen gesehen. Zur weiteren Pr\u00fcfung werde schlie\u00dflich eine entsprechende Komposttoilette beschafft und probeweise in Betrieb genommen. \u201eZudem wird das Amt f\u00fcr Geb\u00e4udeservice zuk\u00fcnftig bei der Errichtung von station\u00e4ren und dauerhaften Toilettenanlagen pr\u00fcfen, ob gegebenenfalls Komposttoiletten eingesetzt werden k\u00f6nnen\u201c, erg\u00e4nzt Holler.<\/p>\n\n\n\n<p>Dar\u00fcber hinaus gibt es im Vorgriff auf diese Pr\u00fcfungen bereits jetzt in der Kindertagesst\u00e4tte Burgweinting eine neue Komposttoilette. \u201eIch freue mich, dass die Stadtverwaltung unsere Anregung innerhalb kurzer Zeit so positiv aufgenommen hat\u201c, so Kolbe-Stockert.<\/p>\n","protected":false},"excerpt":{"rendered":"<p>Regensburg, 22.10.2021 \u201eDer Einsatz von Komposttoiletten wird nun seitens der Stadtverwaltung eingehender betrachtet\u201c, freut sich der SPD-Fraktionsvorsitzende Dr. Thomas Burger und verweist auf ein Schreiben von Oberb\u00fcrgermeisterin Gertrud Maltz-Schwarzfischer. Im Mai hatte Dr. Burger zusammen mit Hans Holler als umweltpolitischen<\/p>\n","protected":false},"author":6,"featured_media":5141,"comment_status":"closed","ping_status":"open","sticky":false,"template":"","format":"standard","meta":{"ngg_post_thumbnail":0},"categories":[1],"tags":[],"jetpack_featured_media_url":"https:\/\/spd-stadtrat.de\/wp-content\/uploads\/2021\/10\/Komposttoilette-1.jpg","_links":{"self":[{"href":"https:\/\/spd-stadtrat.de\/index.php?rest_route=\/wp\/v2\/posts\/5139"}],"collection":[{"href":"https:\/\/spd-stadtrat.de\/index.php?rest_route=\/wp\/v2\/posts"}],"about":[{"href":"https:\/\/spd-stadtrat.de\/index.php?rest_route=\/wp\/v2\/types\/post"}],"author":[{"embeddable":true,"href":"https:\/\/spd-stadtrat.de\/index.php?rest_route=\/wp\/v2\/users\/6"}],"replies":[{"embeddable":true,"href":"https:\/\/spd-stadtrat.de\/index.php?rest_route=%2Fwp%2Fv2%2Fcomments&post=5139"}],"version-history":[{"count":3,"href":"https:\/\/spd-stadtrat.de\/index.php?rest_route=\/wp\/v2\/posts\/5139\/revisions"}],"predecessor-version":[{"id":5144,"href":"https:\/\/spd-stadtrat.de\/index.php?rest_route=\/wp\/v2\/posts\/5139\/revisions\/5144"}],"wp:featuredmedia":[{"embeddable":true,"href":"https:\/\/spd-stadtrat.de\/index.php?rest_route=\/wp\/v2\/media\/5141"}],"wp:attachment":[{"href":"https:\/\/spd-stadtrat.de\/index.php?rest_route=%2Fwp%2Fv2%2Fmedia&parent=5139"}],"wp:term":[{"taxonomy":"category","embeddable":true,"href":"https:\/\/spd-stadtrat.de\/index.php?rest_route=%2Fwp%2Fv2%2Fcategories&post=5139"},{"taxonomy":"post_tag","embeddable":true,"href":"https:\/\/spd-stadtrat.de\/index.php?rest_route=%2Fwp%2Fv2%2Ftags&post=5139"}],"curies":[{"name":"wp","href":"https:\/\/api.w.org\/{rel}","templated":true}]}}