{"id":5152,"date":"2021-11-04T07:13:36","date_gmt":"2021-11-04T06:13:36","guid":{"rendered":"http:\/\/spd-stadtrat.de\/?p=5152"},"modified":"2022-04-05T10:08:59","modified_gmt":"2022-04-05T08:08:59","slug":"kulturelle-zwischennutzung-der-prinz-leopold-kaserne-sowie-jugend-und-begegnungszentrum-gelungene-bereicherungen-fuer-den-regensburger-osten","status":"publish","type":"post","link":"https:\/\/spd-stadtrat.de\/?p=5152","title":{"rendered":"Kulturelle Zwischennutzung der Prinz-Leopold-Kaserne sowie Jugend- und Begegnungszentrum: gelungene Bereicherungen f\u00fcr den Regensburger Osten"},"content":{"rendered":"\n<p class=\"has-text-align-right\">Regensburg, 02.11.2021<\/p>\n\n\n\n<p>SPD-Fraktion informierte sich vor Ort \u00fcber aktuelle Projekte der Stadt Regensburg&nbsp;<\/p>\n\n\n\n<figure class=\"wp-block-image size-large is-resized\"><a href=\"https:\/\/spd-stadtrat.de\/wp-content\/uploads\/2021\/11\/SPD_Fraktion_PLK.jpg\"><img loading=\"lazy\" src=\"https:\/\/spd-stadtrat.de\/wp-content\/uploads\/2021\/11\/SPD_Fraktion_PLK-1024x770.jpg\" alt=\"\" class=\"wp-image-5153\" width=\"347\" height=\"261\" srcset=\"https:\/\/spd-stadtrat.de\/wp-content\/uploads\/2021\/11\/SPD_Fraktion_PLK-1024x770.jpg 1024w, https:\/\/spd-stadtrat.de\/wp-content\/uploads\/2021\/11\/SPD_Fraktion_PLK-300x225.jpg 300w, https:\/\/spd-stadtrat.de\/wp-content\/uploads\/2021\/11\/SPD_Fraktion_PLK-768x577.jpg 768w, https:\/\/spd-stadtrat.de\/wp-content\/uploads\/2021\/11\/SPD_Fraktion_PLK-600x451.jpg 600w, https:\/\/spd-stadtrat.de\/wp-content\/uploads\/2021\/11\/SPD_Fraktion_PLK.jpg 1344w\" sizes=\"(max-width: 347px) 100vw, 347px\" \/><\/a><figcaption><em>Die SPD-Stadtratsfraktion im Gespr\u00e4ch <\/em><br>m<em>it Kulturreferent Wolfgang Dersch <\/em><br><em>beim Kulturprojekt in der Prinz-Leopold-Kaserne<\/em><\/figcaption><\/figure>\n\n\n\n<p>&#8222;Kulturelle Zwischennutzungen sind ein Gewinn f\u00fcr die vielf\u00e4ltige Regensburger Kultur- und Kreativszene&#8220;, so Dr. Thomas Burger, Vorsitzender der SPD-Stadtratsfraktion: &#8222;Der gemeinsame Einsatz von Kulturreferat und dem Verein Kulturviertel bringt positive Impulse \u2013 nicht nur f\u00fcr den Regensburger Osten.&#8220; Die Mitglieder der SPD-Fraktion trafen sich mit dem Kulturreferenten Wolfgang Dersch in der ehemaligen Prinz-Leopold-Kaserne in dem Bereich, der seit Mai f\u00fcr eine kulturelle Zwischennutzung zur Verf\u00fcgung steht.<\/p>\n\n\n\n<p>Nach einem kleinen Rundgang auf dem Gel\u00e4nde und der Vorstellung der dortigen Aktivit\u00e4ten kamen auch noch weitere Zukunftsthemen im Gedankenaustausch mit dem Kulturreferenten zur Sprache. Neben Fragen zur weiteren kulturellen Zwischennutzung in der Prinz-Leopold-Kaserne und \u00fcber den Verein \u201eKulturviertel e.V.\u201c sowie dessen weiteren Planungen ging es zudem um den neuen Kulturstandort in der Maximilianstra\u00dfe. Au\u00dferdem wurden die Pl\u00e4ne des Kulturreferats f\u00fcr 2022 bez\u00fcglich Jazzweekend, B\u00fcrgerfest, Sommerflimmern und weiteren kulturellen Veranstaltungen in den Stadtteilen diskutiert.<\/p>\n\n\n\n<p>Im Anschluss besuchten die Mitglieder der SPD-Stadtratsfraktion das neue Jugend- und Begegnungszentrum Guerickestra\u00dfe. <\/p>\n\n\n\n<figure class=\"wp-block-image size-large is-resized\"><a href=\"https:\/\/spd-stadtrat.de\/wp-content\/uploads\/2021\/11\/SPD_Fraktion_Begegnungszentrum.jpg\"><img loading=\"lazy\" src=\"https:\/\/spd-stadtrat.de\/wp-content\/uploads\/2021\/11\/SPD_Fraktion_Begegnungszentrum-1024x682.jpg\" alt=\"\" class=\"wp-image-5154\" width=\"350\" height=\"232\" srcset=\"https:\/\/spd-stadtrat.de\/wp-content\/uploads\/2021\/11\/SPD_Fraktion_Begegnungszentrum-1024x682.jpg 1024w, https:\/\/spd-stadtrat.de\/wp-content\/uploads\/2021\/11\/SPD_Fraktion_Begegnungszentrum-300x200.jpg 300w, https:\/\/spd-stadtrat.de\/wp-content\/uploads\/2021\/11\/SPD_Fraktion_Begegnungszentrum-768x512.jpg 768w, https:\/\/spd-stadtrat.de\/wp-content\/uploads\/2021\/11\/SPD_Fraktion_Begegnungszentrum-600x400.jpg 600w, https:\/\/spd-stadtrat.de\/wp-content\/uploads\/2021\/11\/SPD_Fraktion_Begegnungszentrum-1536x1024.jpg 1536w, https:\/\/spd-stadtrat.de\/wp-content\/uploads\/2021\/11\/SPD_Fraktion_Begegnungszentrum.jpg 1727w\" sizes=\"(max-width: 350px) 100vw, 350px\" \/><\/a><figcaption><em>Die SPD-Stadtratsfraktion mit <\/em><br><em>Amtsleiterin Annerose Raith im <\/em><br><em>Jugend- und Begegnungszentrum Guerickestra\u00dfe<\/em><\/figcaption><\/figure>\n\n\n\n<p>&#8222;Das neue Jugend- und Begegnungszentrum in der Guerickestra\u00dfe stellt einen sehr gelungenen Rahmen f\u00fcr das vielseitige Angebot des Amtes f\u00fcr kommunale Jugendarbeit und weiteren wichtigen Akteuren dar&#8220;, betonte Stadtr\u00e4tin Evelyn Kolbe-Stockert, stellvertretende Fraktionsvorsitzende und sozialpolitische Sprecherin der SPD-Fraktion. &#8222;Insbesondere f\u00fcr den Stadtteil stellt dieses Zentrum eine wertvolle Bereicherung dar&#8220;, erg\u00e4nzte Kolbe-Stockert als \u00f6rtliche Stadtr\u00e4tin.<\/p>\n\n\n\n<p>W\u00e4hrend der F\u00fchrung durch die Amtsleiterin Frau Annerose Raith konnte \u00fcber die Nutzungsm\u00f6glichkeiten der unterschiedlichen R\u00e4ume und die k\u00fcnftigen Nutzer im Haus gesprochen werden. Die Fraktion informierte sich dabei aus erster Hand \u00fcber das vielseitige Angebot im neuen Zentrum und die vielf\u00e4ltige Arbeit des Amtes f\u00fcr kommunale Jugendarbeit.<strong><em><br><\/em><\/strong><\/p>\n","protected":false},"excerpt":{"rendered":"<p>Regensburg, 02.11.2021 SPD-Fraktion informierte sich vor Ort \u00fcber aktuelle Projekte der Stadt Regensburg&nbsp; &#8222;Kulturelle Zwischennutzungen sind ein Gewinn f\u00fcr die vielf\u00e4ltige Regensburger Kultur- und Kreativszene&#8220;, so Dr. Thomas Burger, Vorsitzender der SPD-Stadtratsfraktion: &#8222;Der gemeinsame Einsatz von Kulturreferat und dem Verein<\/p>\n","protected":false},"author":6,"featured_media":5153,"comment_status":"closed","ping_status":"open","sticky":false,"template":"","format":"standard","meta":{"ngg_post_thumbnail":0},"categories":[1],"tags":[],"jetpack_featured_media_url":"https:\/\/spd-stadtrat.de\/wp-content\/uploads\/2021\/11\/SPD_Fraktion_PLK.jpg","_links":{"self":[{"href":"https:\/\/spd-stadtrat.de\/index.php?rest_route=\/wp\/v2\/posts\/5152"}],"collection":[{"href":"https:\/\/spd-stadtrat.de\/index.php?rest_route=\/wp\/v2\/posts"}],"about":[{"href":"https:\/\/spd-stadtrat.de\/index.php?rest_route=\/wp\/v2\/types\/post"}],"author":[{"embeddable":true,"href":"https:\/\/spd-stadtrat.de\/index.php?rest_route=\/wp\/v2\/users\/6"}],"replies":[{"embeddable":true,"href":"https:\/\/spd-stadtrat.de\/index.php?rest_route=%2Fwp%2Fv2%2Fcomments&post=5152"}],"version-history":[{"count":6,"href":"https:\/\/spd-stadtrat.de\/index.php?rest_route=\/wp\/v2\/posts\/5152\/revisions"}],"predecessor-version":[{"id":5160,"href":"https:\/\/spd-stadtrat.de\/index.php?rest_route=\/wp\/v2\/posts\/5152\/revisions\/5160"}],"wp:featuredmedia":[{"embeddable":true,"href":"https:\/\/spd-stadtrat.de\/index.php?rest_route=\/wp\/v2\/media\/5153"}],"wp:attachment":[{"href":"https:\/\/spd-stadtrat.de\/index.php?rest_route=%2Fwp%2Fv2%2Fmedia&parent=5152"}],"wp:term":[{"taxonomy":"category","embeddable":true,"href":"https:\/\/spd-stadtrat.de\/index.php?rest_route=%2Fwp%2Fv2%2Fcategories&post=5152"},{"taxonomy":"post_tag","embeddable":true,"href":"https:\/\/spd-stadtrat.de\/index.php?rest_route=%2Fwp%2Fv2%2Ftags&post=5152"}],"curies":[{"name":"wp","href":"https:\/\/api.w.org\/{rel}","templated":true}]}}