{"id":5166,"date":"2021-11-08T09:27:21","date_gmt":"2021-11-08T08:27:21","guid":{"rendered":"http:\/\/spd-stadtrat.de\/?p=5166"},"modified":"2022-04-05T10:08:26","modified_gmt":"2022-04-05T08:08:26","slug":"raumprobleme-an-der-pestalozzi-mittelschule-werden-entschaerft-spd-fraktion-begruesst-die-zeitnahe-umsetzung-einer-temporaeren-erweiterung-in-modulbauweise","status":"publish","type":"post","link":"https:\/\/spd-stadtrat.de\/?p=5166","title":{"rendered":"Raumprobleme an der Pestalozzi-Mittelschule werden entsch\u00e4rft; SPD-Fraktion begr\u00fc\u00dft die zeitnahe Umsetzung einer tempor\u00e4ren Erweiterung in Modulbauweise"},"content":{"rendered":"\n<p class=\"has-text-align-right\">Regensburg, 05.11.2021<\/p>\n\n\n\n<p>\u201eEs tut sich was, die Raumprobleme an der Pestalozzi-Mittelschule werden entsch\u00e4rft\u201c, freut sich die bildungspolitische Sprecherin der SPD-Fraktion, Stadtr\u00e4tin Evelyn Kolbe-Stockert: \u201eEigentlich m\u00fcsste das Raumdefizit der Schule mit einem Erweiterungsbau behoben werden. Dies w\u00e4re jedoch nur mit einem massiven baulichen Eingriff m\u00f6glich, w\u00fcrde eine Auslagerung der kompletten Schule erforderlich machen, wozu leider derzeit kein Ausweichgeb\u00e4ude zur Verf\u00fcgung steht.\u201c Deshalb sei die derzeitige tempor\u00e4re Erweiterung in Modulbauweise die richtige Ma\u00dfnahme, um pragmatisch und schnell die Situation an der Schule zu verbessern.<\/p>\n\n\n\n<figure class=\"wp-block-image size-large is-resized\"><a href=\"https:\/\/spd-stadtrat.de\/wp-content\/uploads\/2021\/11\/MS_Pestalozzi_1.jpg\"><img loading=\"lazy\" src=\"https:\/\/spd-stadtrat.de\/wp-content\/uploads\/2021\/11\/MS_Pestalozzi_1.jpg\" alt=\"\" class=\"wp-image-5167\" width=\"418\" height=\"312\" srcset=\"https:\/\/spd-stadtrat.de\/wp-content\/uploads\/2021\/11\/MS_Pestalozzi_1.jpg 699w, https:\/\/spd-stadtrat.de\/wp-content\/uploads\/2021\/11\/MS_Pestalozzi_1-300x224.jpg 300w, https:\/\/spd-stadtrat.de\/wp-content\/uploads\/2021\/11\/MS_Pestalozzi_1-600x447.jpg 600w\" sizes=\"(max-width: 418px) 100vw, 418px\" \/><\/a><figcaption><em>Die Pestalozzi-Mittelschule<\/em><\/figcaption><\/figure>\n\n\n\n<p>Am 26.07.2021 beauftragte der Stadtrat die Verwaltung, eine \u201etempor\u00e4re Schulerweiterung durch eine Modulbauweise\u201c zu planen. \u201eBereits jetzt wird diese Ma\u00dfnahme umgesetzt\u201c, so Kolbe-Stockert. Im Bildungsausschuss erkl\u00e4rte der Bildungsreferent Dr. Hermann Hage dazu, dass die Klassenraum-Container qualitativ hochwertig ausgef\u00fchrt sein w\u00fcrden. Dies sei wichtig, um passende Rahmenbedingungen f\u00fcr einen guten Unterricht zu schaffen. Die zum Einsatz kommenden Module sollten optisch, denen an der Realschule am Judenstein verwendeten, \u00e4hneln.<\/p>\n\n\n\n<p>\u201eBei dieser L\u00f6sung kann zudem der gro\u00dfe Allwetterplatz der Schule erhalten bleiben und unver\u00e4ndert weiter benutzt werden\u201c, unterstreicht der SPD-Fraktionsvorsitzende Dr. Thomas Burger: \u201eAu\u00dferdem begr\u00fc\u00dft die SPD-Fraktion die Planungen hinsichtlich der Mittagsversorgung, die auch im Raumprogramm mit abgebildet sind. Damit entf\u00e4llt die Genehmigungsbed\u00fcrftigkeit f\u00fcr die Nutzung externer Kantinen durch die Regierung, was einer z\u00fcgigen Realisierung zus\u00e4tzlich entgegen kommt.\u201c<\/p>\n\n\n\n<p>\u201eSollte es in den n\u00e4chsten Jahren trotzdem wieder zu Raum-Engp\u00e4ssen kommen, besteht durch die Erweiterung der Otto-Schwerdt-Mittelschule und eine Ver\u00e4nderung der Schulsprengel eine weitere M\u00f6glichkeit, die Pestalozzi-Mittelschule zu entlasten\u201c, erg\u00e4nzt Kolbe-Stockert.<\/p>\n","protected":false},"excerpt":{"rendered":"<p>Regensburg, 05.11.2021 \u201eEs tut sich was, die Raumprobleme an der Pestalozzi-Mittelschule werden entsch\u00e4rft\u201c, freut sich die bildungspolitische Sprecherin der SPD-Fraktion, Stadtr\u00e4tin Evelyn Kolbe-Stockert: \u201eEigentlich m\u00fcsste das Raumdefizit der Schule mit einem Erweiterungsbau behoben werden. Dies w\u00e4re jedoch nur mit einem<\/p>\n","protected":false},"author":6,"featured_media":5167,"comment_status":"closed","ping_status":"open","sticky":false,"template":"","format":"standard","meta":{"ngg_post_thumbnail":0},"categories":[1],"tags":[],"jetpack_featured_media_url":"https:\/\/spd-stadtrat.de\/wp-content\/uploads\/2021\/11\/MS_Pestalozzi_1.jpg","_links":{"self":[{"href":"https:\/\/spd-stadtrat.de\/index.php?rest_route=\/wp\/v2\/posts\/5166"}],"collection":[{"href":"https:\/\/spd-stadtrat.de\/index.php?rest_route=\/wp\/v2\/posts"}],"about":[{"href":"https:\/\/spd-stadtrat.de\/index.php?rest_route=\/wp\/v2\/types\/post"}],"author":[{"embeddable":true,"href":"https:\/\/spd-stadtrat.de\/index.php?rest_route=\/wp\/v2\/users\/6"}],"replies":[{"embeddable":true,"href":"https:\/\/spd-stadtrat.de\/index.php?rest_route=%2Fwp%2Fv2%2Fcomments&post=5166"}],"version-history":[{"count":5,"href":"https:\/\/spd-stadtrat.de\/index.php?rest_route=\/wp\/v2\/posts\/5166\/revisions"}],"predecessor-version":[{"id":5172,"href":"https:\/\/spd-stadtrat.de\/index.php?rest_route=\/wp\/v2\/posts\/5166\/revisions\/5172"}],"wp:featuredmedia":[{"embeddable":true,"href":"https:\/\/spd-stadtrat.de\/index.php?rest_route=\/wp\/v2\/media\/5167"}],"wp:attachment":[{"href":"https:\/\/spd-stadtrat.de\/index.php?rest_route=%2Fwp%2Fv2%2Fmedia&parent=5166"}],"wp:term":[{"taxonomy":"category","embeddable":true,"href":"https:\/\/spd-stadtrat.de\/index.php?rest_route=%2Fwp%2Fv2%2Fcategories&post=5166"},{"taxonomy":"post_tag","embeddable":true,"href":"https:\/\/spd-stadtrat.de\/index.php?rest_route=%2Fwp%2Fv2%2Ftags&post=5166"}],"curies":[{"name":"wp","href":"https:\/\/api.w.org\/{rel}","templated":true}]}}