{"id":5178,"date":"2021-11-09T13:18:46","date_gmt":"2021-11-09T12:18:46","guid":{"rendered":"http:\/\/spd-stadtrat.de\/?p=5178"},"modified":"2022-04-05T10:07:27","modified_gmt":"2022-04-05T08:07:27","slug":"stadtbahntrasse-in-burgweinting-spd-fraktion-spricht-sich-gegen-burgweintinger-trassenfuehrung-aus-dem-stadtbahngutachten-aus","status":"publish","type":"post","link":"https:\/\/spd-stadtrat.de\/?p=5178","title":{"rendered":"Stadtbahntrasse in Burgweinting: SPD-Fraktion spricht sich gegen Burgweintinger Trassenf\u00fchrung aus dem Stadtbahngutachten aus"},"content":{"rendered":"\n<p class=\"has-text-align-right\">Regensburg, 09.11.2021<\/p>\n\n\n\n<p>Die SPD-Stadtratsfraktion hat sich in der j\u00fcngsten Fraktionssitzung einhellig gegen die Umsetzung der Stadtbahn auf der Trassenf\u00fchrung, wie sie in Burgweinting nach dem Stadtbahngutachten aus dem Jahr 2017 vorgesehen ist, ausgesprochen.<\/p>\n\n\n\n<p>\u201eSchon seit l\u00e4ngerer Zeit ist unsere Burgweintinger Stadtr\u00e4tin Dagmar Kick mit den B\u00fcrgerinnen und B\u00fcrgern im Stadtteil im Gespr\u00e4ch, um Fragen zur Stadtbahn auf Augenh\u00f6he mit diesen zu er\u00f6rtern\u201c, hebt der Fraktionsvorsitzende Dr. Thomas Burger hervor und erg\u00e4nzt: \u201eZudem hat auch Oberb\u00fcrgermeisterin Gertrud Maltz-Schwarzfischer von Anfang an Zweifel ge\u00e4u\u00dfert, ob diese Trassenf\u00fchrung sinnvoll sein kann\u201c.<\/p>\n\n\n\n<figure class=\"wp-block-image size-large is-resized\"><a href=\"https:\/\/spd-stadtrat.de\/wp-content\/uploads\/2021\/11\/BW-Stadtbahn-2.jpg\"><img loading=\"lazy\" src=\"https:\/\/spd-stadtrat.de\/wp-content\/uploads\/2021\/11\/BW-Stadtbahn-2.jpg\" alt=\"\" class=\"wp-image-5179\" width=\"416\" height=\"234\" srcset=\"https:\/\/spd-stadtrat.de\/wp-content\/uploads\/2021\/11\/BW-Stadtbahn-2.jpg 761w, https:\/\/spd-stadtrat.de\/wp-content\/uploads\/2021\/11\/BW-Stadtbahn-2-300x169.jpg 300w, https:\/\/spd-stadtrat.de\/wp-content\/uploads\/2021\/11\/BW-Stadtbahn-2-600x337.jpg 600w\" sizes=\"(max-width: 416px) 100vw, 416px\" \/><\/a><figcaption>Derzeit noch vorgesehene Stadtbahntrasse<\/figcaption><\/figure>\n\n\n\n<p>Der stadtbahn- und verkehrspolitische Sprecher der Fraktion, Dr. Klaus Rappert, erl\u00e4utert, Ziel der B\u00fcrgerbeteiligung m\u00fcsse es sein, die Akzeptanz f\u00fcr das Verkehrsmittel Stadtbahn insgesamt zu f\u00f6rdern. Im Rahmen dieser Gespr\u00e4che habe sich schnell herausgestellt, dass die Trasse durch den Burgweintinger Park hinsichtlich der Lage zwischen den G\u00e4rten keine Akzeptanz findet. Dr. Rappert erg\u00e4nzt: \u201eWir haben au\u00dferdem Zweifel, ob der eingleisige Streckenabschnitt betriebstechnisch sinnvoll ist, da beim geplanten 5-Minuten-Takt der Stadtbahn faktisch st\u00e4ndig ein Stadtbahnzug in diesem Streckenabschnitt unterwegs sein m\u00fcsste. Bei nur leichten Versp\u00e4tungen w\u00e4re mit erheblichen Problemen in der Einhaltung des Fahrplans zu rechnen\u201c.<\/p>\n\n\n\n<p>Stadtr\u00e4tin Dagmar Kick, die selbst in Burgweinting lebt, besorgt erhebliche Belastungen der Anlieger, deren Schlaf- und Aufenthaltsr\u00e4ume nahezu ausschlie\u00dflich auf der der Trassen zugewandten Seite ihrer H\u00e4user liegen.<\/p>\n\n\n\n<p>Wenig hilfreich sieht die Fraktion das Vorpreschen der CSU-Fraktion. Diese hatte sich vor Kurzem zum Thema B\u00fcrgerbeteiligung kritisch an die \u00d6ffentlichkeit gewandt, ohne ihre Bedenken vorher innerhalb der Koalition zu \u00e4u\u00dfern. \u201eWenn die Koalitionspartner Ideen oder Anliegen zur B\u00fcrgerbeteiligung im Stadtbahnprozess haben, sollten wir das gemeinsam besprechen. Nur so kann man innerhalb der Stadtratsmehrheit zu sinnvollen L\u00f6sungen kommen, die allen Bed\u00fcrfnissen Rechnung tragen. Das haben wir auch mit der CSU noch einmal kommuniziert\u201c, so Dr. Rappert, der die SPD am Montag im Koalitionsausschuss vertreten hatte. Dr. Burger erg\u00e4nzt: \u201eWir hoffen, dass sich unser gr\u00f6\u00dfter Koalitionspartner dazu entschlie\u00dfen kann, diesen sachlich fundierten Weg mit der SPD und den drei anderen Partnern gemeinsam zu gehen und auf nicht abgestimmte Profilierungsversuche zu verzichten, die das Koalitionsklima besch\u00e4digen und das Projekt Stadtbahn unn\u00f6tig gef\u00e4hrden\u201c.<\/p>\n\n\n\n<p>Die SPD-Stadtratsfraktion weist darauf hin, dass es Aufgabe des derzeit in die Bearbeitung gehenden Masterplans sein wird, eine wirtschaftlich gleichwertige und verkehrstechnisch bessere Alternativtrasse zu entwickeln. Schon bei der Entwicklung des Masterplans wird es vielf\u00e4ltige Beteiligungsformen f\u00fcr die \u00d6ffentlichkeit geben. Die Fraktion l\u00e4dt die B\u00fcrgerinnen und B\u00fcrger ein, sich im Rahmen des Entwicklungsprozesses der Stadtbahn, der in den n\u00e4chsten Jahren immer konkretere Formen annehmen wird, mit Fragen und Ideen in die Beteiligungsformate einzubringen.<\/p>\n","protected":false},"excerpt":{"rendered":"<p>Regensburg, 09.11.2021 Die SPD-Stadtratsfraktion hat sich in der j\u00fcngsten Fraktionssitzung einhellig gegen die Umsetzung der Stadtbahn auf der Trassenf\u00fchrung, wie sie in Burgweinting nach dem Stadtbahngutachten aus dem Jahr 2017 vorgesehen ist, ausgesprochen. \u201eSchon seit l\u00e4ngerer Zeit ist unsere Burgweintinger<\/p>\n","protected":false},"author":6,"featured_media":5179,"comment_status":"closed","ping_status":"open","sticky":false,"template":"","format":"standard","meta":{"ngg_post_thumbnail":0},"categories":[1],"tags":[],"jetpack_featured_media_url":"https:\/\/spd-stadtrat.de\/wp-content\/uploads\/2021\/11\/BW-Stadtbahn-2.jpg","_links":{"self":[{"href":"https:\/\/spd-stadtrat.de\/index.php?rest_route=\/wp\/v2\/posts\/5178"}],"collection":[{"href":"https:\/\/spd-stadtrat.de\/index.php?rest_route=\/wp\/v2\/posts"}],"about":[{"href":"https:\/\/spd-stadtrat.de\/index.php?rest_route=\/wp\/v2\/types\/post"}],"author":[{"embeddable":true,"href":"https:\/\/spd-stadtrat.de\/index.php?rest_route=\/wp\/v2\/users\/6"}],"replies":[{"embeddable":true,"href":"https:\/\/spd-stadtrat.de\/index.php?rest_route=%2Fwp%2Fv2%2Fcomments&post=5178"}],"version-history":[{"count":1,"href":"https:\/\/spd-stadtrat.de\/index.php?rest_route=\/wp\/v2\/posts\/5178\/revisions"}],"predecessor-version":[{"id":5180,"href":"https:\/\/spd-stadtrat.de\/index.php?rest_route=\/wp\/v2\/posts\/5178\/revisions\/5180"}],"wp:featuredmedia":[{"embeddable":true,"href":"https:\/\/spd-stadtrat.de\/index.php?rest_route=\/wp\/v2\/media\/5179"}],"wp:attachment":[{"href":"https:\/\/spd-stadtrat.de\/index.php?rest_route=%2Fwp%2Fv2%2Fmedia&parent=5178"}],"wp:term":[{"taxonomy":"category","embeddable":true,"href":"https:\/\/spd-stadtrat.de\/index.php?rest_route=%2Fwp%2Fv2%2Fcategories&post=5178"},{"taxonomy":"post_tag","embeddable":true,"href":"https:\/\/spd-stadtrat.de\/index.php?rest_route=%2Fwp%2Fv2%2Ftags&post=5178"}],"curies":[{"name":"wp","href":"https:\/\/api.w.org\/{rel}","templated":true}]}}