{"id":5312,"date":"2021-11-29T11:04:25","date_gmt":"2021-11-29T10:04:25","guid":{"rendered":"http:\/\/spd-stadtrat.de\/?p=5312"},"modified":"2022-04-05T10:06:56","modified_gmt":"2022-04-05T08:06:56","slug":"parkhaus-im-ostpark","status":"publish","type":"post","link":"https:\/\/spd-stadtrat.de\/?p=5312","title":{"rendered":"Parkhaus im Ostpark"},"content":{"rendered":"\n<p class=\"has-text-align-right\">Regensburg, 23.11.2021<\/p>\n\n\n\n<p>Die Regensburg-Koalition hat folgenden Antrag bei Oberb\u00fcrgermeisterin Maltz-Schwarzfischer eingereicht:<\/p>\n\n\n\n<ol type=\"1\"><li>Der Stadtrat begr\u00fc\u00dft die b\u00fcrgerschaftlichen Initiativen zur Schaffung eines Begegnungsorts und Kulturtreffpunkts in Form des sogenannten \u201eParkhauses im Ostpark\u201c.<\/li><li>Die Verwaltung wird beauftragt, zeitnah mit einem entsprechenden Tr\u00e4gerverein nach dessen Gr\u00fcndung in Gespr\u00e4che einzutreten und mit diesem einvernehmlich ein erstes Grobkonzept (Raumprogramm und Nutzungskonzept) f\u00fcr Umbau und Ert\u00fcchtigung des betroffenen Geb\u00e4udes zu entwerfen und dem Stadtrat vorzustellen.<\/li><li>F\u00fcr die Umsetzung des Projekts sollen im Investitionsprogramm ab 2022 finanzielle Mittel in H\u00f6he von 180.000 Euro angemeldet werden.<\/li><\/ol>\n\n\n\n<figure class=\"wp-block-image size-large is-resized\"><a href=\"http:\/\/spd-stadtrat.de\/wp-content\/uploads\/2020\/05\/2020-Burger-scaled.jpg\"><img loading=\"lazy\" src=\"http:\/\/spd-stadtrat.de\/wp-content\/uploads\/2020\/05\/2020-Burger-1024x768.jpg\" alt=\"\" class=\"wp-image-4182\" width=\"273\" height=\"205\" srcset=\"https:\/\/spd-stadtrat.de\/wp-content\/uploads\/2020\/05\/2020-Burger-1024x768.jpg 1024w, https:\/\/spd-stadtrat.de\/wp-content\/uploads\/2020\/05\/2020-Burger-300x225.jpg 300w, https:\/\/spd-stadtrat.de\/wp-content\/uploads\/2020\/05\/2020-Burger-768x576.jpg 768w, https:\/\/spd-stadtrat.de\/wp-content\/uploads\/2020\/05\/2020-Burger-600x450.jpg 600w, https:\/\/spd-stadtrat.de\/wp-content\/uploads\/2020\/05\/2020-Burger-1536x1152.jpg 1536w, https:\/\/spd-stadtrat.de\/wp-content\/uploads\/2020\/05\/2020-Burger-2048x1536.jpg 2048w\" sizes=\"(max-width: 273px) 100vw, 273px\" \/><\/a><figcaption>Dr. Thomas Burger<\/figcaption><\/figure>\n\n\n\n<p>Zur Begr\u00fcndung f\u00fchren die Koaltion\u00e4re dabei aus, dass auf Basis von b\u00fcrgerschaftlichen Initiativen derzeit die Schaffung eines Begegnungsorts und Kulturtreffpunkts im Ostpark von mehreren Akteuren diskutiert wird und sich die Mitglieder der Regensburg-Koalition sich diesem Wunsch ausdr\u00fccklich anschlie\u00dfen. Man sehe in dem angedachten Projekt eine gute M\u00f6glichkeit, den Ostpark als Erholungs- und Begegnungsraum im Stadtteil deutlich aufzuwerten.<\/p>\n\n\n\n<p>Ein solches Projekt bedarf zur Umsetzung einer dauerhaft tragf\u00e4higen Basis. Deshalb sehen wir die Gr\u00fcndung eines Tr\u00e4gervereins durch die beteiligten Akteure aus der B\u00fcrgerschaft als notwendig an, der zudem als Ansprechpartner f\u00fcr Verwaltung und Politik bei Planung und Umsetzung dient.<\/p>\n\n\n\n<p>Um die Finanzierung von Um- beziehungsweise Ausbau der ehemaligen Gartenamtsunterkunft f\u00fcr den angestrebten Nutzungszweck unter Einbeziehung von F\u00f6rdermitteln zu sichern, bedarf es umfangreicher Vorarbeiten. Diese Vorarbeiten sollen zeitnah in Angriff genommen und vorangetrieben werden, damit anschlie\u00dfend zum n\u00e4chstm\u00f6gliche Zeitpunkt im Rahmen der Fortschreibung des Investitionsprogramms die notwendigen Finanzmittel eingestellt werden k\u00f6nnen. Nach derzeitiger Kenntnislage liegt der Finanzbedarf bei rund 180.000 Euro. Diese Mittel sollen im Jahr 2022 in das Investitionsprogramm eingearbeitet werden.<\/p>\n\n\n\n<p>&#8222;Mit dem jetzt vorgelegten Beschlussvorschlag m\u00f6chte die Regensburg-Koalition das nachdr\u00fcckliche Interesse an dem Projekt zur Aufwertung im Stadts\u00fcdosten erg\u00e4nzend zu den bereits von der Stadtverwaltung begonnenen Gespr\u00e4chen auch nach au\u00dfen sichtbar dokumentieren,&#8220; betont der SPD-Fraktionsvorsitzende Dr. Thomas Burger.<\/p>\n","protected":false},"excerpt":{"rendered":"<p>Regensburg, 23.11.2021 Die Regensburg-Koalition hat folgenden Antrag bei Oberb\u00fcrgermeisterin Maltz-Schwarzfischer eingereicht: Der Stadtrat begr\u00fc\u00dft die b\u00fcrgerschaftlichen Initiativen zur Schaffung eines Begegnungsorts und Kulturtreffpunkts in Form des sogenannten \u201eParkhauses im Ostpark\u201c. Die Verwaltung wird beauftragt, zeitnah mit einem entsprechenden Tr\u00e4gerverein nach<\/p>\n","protected":false},"author":6,"featured_media":4182,"comment_status":"closed","ping_status":"open","sticky":false,"template":"","format":"standard","meta":{"ngg_post_thumbnail":0},"categories":[1],"tags":[],"jetpack_featured_media_url":"https:\/\/spd-stadtrat.de\/wp-content\/uploads\/2020\/05\/2020-Burger-scaled.jpg","_links":{"self":[{"href":"https:\/\/spd-stadtrat.de\/index.php?rest_route=\/wp\/v2\/posts\/5312"}],"collection":[{"href":"https:\/\/spd-stadtrat.de\/index.php?rest_route=\/wp\/v2\/posts"}],"about":[{"href":"https:\/\/spd-stadtrat.de\/index.php?rest_route=\/wp\/v2\/types\/post"}],"author":[{"embeddable":true,"href":"https:\/\/spd-stadtrat.de\/index.php?rest_route=\/wp\/v2\/users\/6"}],"replies":[{"embeddable":true,"href":"https:\/\/spd-stadtrat.de\/index.php?rest_route=%2Fwp%2Fv2%2Fcomments&post=5312"}],"version-history":[{"count":4,"href":"https:\/\/spd-stadtrat.de\/index.php?rest_route=\/wp\/v2\/posts\/5312\/revisions"}],"predecessor-version":[{"id":5316,"href":"https:\/\/spd-stadtrat.de\/index.php?rest_route=\/wp\/v2\/posts\/5312\/revisions\/5316"}],"wp:featuredmedia":[{"embeddable":true,"href":"https:\/\/spd-stadtrat.de\/index.php?rest_route=\/wp\/v2\/media\/4182"}],"wp:attachment":[{"href":"https:\/\/spd-stadtrat.de\/index.php?rest_route=%2Fwp%2Fv2%2Fmedia&parent=5312"}],"wp:term":[{"taxonomy":"category","embeddable":true,"href":"https:\/\/spd-stadtrat.de\/index.php?rest_route=%2Fwp%2Fv2%2Fcategories&post=5312"},{"taxonomy":"post_tag","embeddable":true,"href":"https:\/\/spd-stadtrat.de\/index.php?rest_route=%2Fwp%2Fv2%2Ftags&post=5312"}],"curies":[{"name":"wp","href":"https:\/\/api.w.org\/{rel}","templated":true}]}}