{"id":5350,"date":"2021-12-17T10:06:19","date_gmt":"2021-12-17T09:06:19","guid":{"rendered":"http:\/\/spd-stadtrat.de\/?p=5350"},"modified":"2022-03-31T07:27:19","modified_gmt":"2022-03-31T05:27:19","slug":"spd-fraktion-fordert-geschlossenheit-terminal-erweiterung-am-ostbahnhof-wichtig-fuer-die-wirtschaftliche-entwicklung-regensburgs","status":"publish","type":"post","link":"https:\/\/spd-stadtrat.de\/?p=5350","title":{"rendered":"SPD-Fraktion fordert Geschlossenheit; Terminal-Erweiterung am Ostbahnhof wichtig f\u00fcr die wirtschaftliche Entwicklung Regensburgs"},"content":{"rendered":"\n<p class=\"has-text-align-right\">Regensburg, 16.12.2021<\/p>\n\n\n\n<p>Die SPD-Fraktion fordert Geschlossenheit bei der Zustimmung zum Bebauungsplan 215-I (Industriegebiet am Ostbahnhof) mit der damit verbundenen Erweiterung des bereits bestehenden Containerumschlagterminals im Stadtosten. Der Stadtrat habe mit mehreren Entscheidungen mit einer sorgf\u00e4ltigen Abw\u00e4gung berechtigter Interessen der Anliegerinnen und Anlieger k\u00fcrzlich den Weg f\u00fcr dieses Vorhaben der Bahn&nbsp; Ma\u00dfnahme Erweiterung des Containerumschlagterminals im Stadtosten geebnet.<\/p>\n\n\n\n<figure class=\"wp-block-image size-large is-resized\"><a href=\"https:\/\/spd-stadtrat.de\/wp-content\/uploads\/2021\/12\/Bebauungsplan-215-I-Ostbahnhof.jpg\"><img loading=\"lazy\" src=\"https:\/\/spd-stadtrat.de\/wp-content\/uploads\/2021\/12\/Bebauungsplan-215-I-Ostbahnhof.jpg\" alt=\"\" class=\"wp-image-5351\" width=\"490\" height=\"421\" srcset=\"https:\/\/spd-stadtrat.de\/wp-content\/uploads\/2021\/12\/Bebauungsplan-215-I-Ostbahnhof.jpg 800w, https:\/\/spd-stadtrat.de\/wp-content\/uploads\/2021\/12\/Bebauungsplan-215-I-Ostbahnhof-300x258.jpg 300w, https:\/\/spd-stadtrat.de\/wp-content\/uploads\/2021\/12\/Bebauungsplan-215-I-Ostbahnhof-768x660.jpg 768w, https:\/\/spd-stadtrat.de\/wp-content\/uploads\/2021\/12\/Bebauungsplan-215-I-Ostbahnhof-600x515.jpg 600w\" sizes=\"(max-width: 490px) 100vw, 490px\" \/><\/a><\/figure>\n\n\n\n<p>\u201eDiese Ma\u00dfnahme ist nicht nur f\u00fcr die weitere positive wirtschaftliche Entwicklung unserer Stadt sehr wichtig\u201c, betont der SPD-Fraktionsvorsitzende Dr. Thomas Burger. Es lie\u00dfen sich auch hunderte LKW-Fahrten im Stadtgebiet allgemein \u2013 aber auch insbesondere im Stadtosten \u2013 einsparen. Jedoch werde die Terminal-Erweiterung immer wieder mit bereits widerlegten Argumenten bez\u00fcglich L\u00e4rmschutz und Umweltvertr\u00e4glichkeit neu in Frage gestellt. \u201eDabei muss gesehen werden, dass laut Bahn k\u00fcnftig von 22 Uhr bis 6 Uhr eine Betriebsruhe f\u00fcr den Container-Umschlag geben werde. Dar\u00fcber hinaus sollen l\u00e4rmintensive Arbeiten zuk\u00fcnftig in einer neuen Werkstatt durchgef\u00fchrt werden\u201c, so Dr. Klaus Rappert, planungspolitischer Sprecher der SPD-Fraktion. Zudem sei Wert darauf gelegt worden, dass die Anforderungen hinsichtlich nachbarsch\u00fctzender Rechte ausgesch\u00f6pft worden seien.<\/p>\n\n\n\n<p>\u201eDass einzelne Koalitionsmitglieder, die sogar selbst Mitglied in den entsprechenden Gremien des Stadtrats sind und hier auch nicht dagegen gestimmt haben, diese Ma\u00dfnahme dann in den Medien energisch bek\u00e4mpfen, das irritiert dann schon\u201c, so Dr. Burger. Umso mehr Fragen werfe es auf, wenn \u00f6ffentlich zwar die Notwendigkeit einer solchen Einrichtung f\u00fcr Regensburg betont werde, der Standort Ostbahnhof jedoch abgelehnt werde, aber gleichzeitig auch keine Alternativen genannt w\u00fcrden: \u201eDies ist kein verantwortliches Handeln.\u201c<\/p>\n\n\n\n<p>&nbsp;\u201eAls Mitglied einer Koalition kann man nicht gleichzeitig au\u00dferparlamentarische Opposition sein\u201c, merkt Dr. Rappert an: \u201eHier dr\u00e4ngen sich klar Zweifel an der Ernsthaftigkeit politischen Handelns auf.\u201c Im Grunde genommen m\u00fcsse man dem k\u00fcrzlich ge\u00e4u\u00dferten Statement der IHK Regensburg f\u00fcr dieses Projekt und damit den Wirtschaftsstandort Regensburg nichts mehr hinzuf\u00fcgen, Regensburgs Betriebe br\u00e4uchten diese Einrichtung dringend.<\/p>\n\n\n\n<p>\u201eEs ist verlockend, das eigene pers\u00f6nliche Profil auf Kosten einer im Team gemeinsam abgestimmten Linie vermeintlich zu sch\u00e4rfen\u201c, merkt Dr. Burger an: \u201eWichtiger ist es jedoch, eine ausgewogene Balance zwischen Gemeinwohl und Einzelinteressen zu finden und diese dann aber auch verantwortlich zu vertreten.\u201c<\/p>\n","protected":false},"excerpt":{"rendered":"<p>Regensburg, 16.12.2021 Die SPD-Fraktion fordert Geschlossenheit bei der Zustimmung zum Bebauungsplan 215-I (Industriegebiet am Ostbahnhof) mit der damit verbundenen Erweiterung des bereits bestehenden Containerumschlagterminals im Stadtosten. Der Stadtrat habe mit mehreren Entscheidungen mit einer sorgf\u00e4ltigen Abw\u00e4gung berechtigter Interessen der Anliegerinnen<\/p>\n","protected":false},"author":6,"featured_media":5351,"comment_status":"closed","ping_status":"open","sticky":false,"template":"","format":"standard","meta":{"ngg_post_thumbnail":0},"categories":[1],"tags":[],"jetpack_featured_media_url":"https:\/\/spd-stadtrat.de\/wp-content\/uploads\/2021\/12\/Bebauungsplan-215-I-Ostbahnhof.jpg","_links":{"self":[{"href":"https:\/\/spd-stadtrat.de\/index.php?rest_route=\/wp\/v2\/posts\/5350"}],"collection":[{"href":"https:\/\/spd-stadtrat.de\/index.php?rest_route=\/wp\/v2\/posts"}],"about":[{"href":"https:\/\/spd-stadtrat.de\/index.php?rest_route=\/wp\/v2\/types\/post"}],"author":[{"embeddable":true,"href":"https:\/\/spd-stadtrat.de\/index.php?rest_route=\/wp\/v2\/users\/6"}],"replies":[{"embeddable":true,"href":"https:\/\/spd-stadtrat.de\/index.php?rest_route=%2Fwp%2Fv2%2Fcomments&post=5350"}],"version-history":[{"count":2,"href":"https:\/\/spd-stadtrat.de\/index.php?rest_route=\/wp\/v2\/posts\/5350\/revisions"}],"predecessor-version":[{"id":5353,"href":"https:\/\/spd-stadtrat.de\/index.php?rest_route=\/wp\/v2\/posts\/5350\/revisions\/5353"}],"wp:featuredmedia":[{"embeddable":true,"href":"https:\/\/spd-stadtrat.de\/index.php?rest_route=\/wp\/v2\/media\/5351"}],"wp:attachment":[{"href":"https:\/\/spd-stadtrat.de\/index.php?rest_route=%2Fwp%2Fv2%2Fmedia&parent=5350"}],"wp:term":[{"taxonomy":"category","embeddable":true,"href":"https:\/\/spd-stadtrat.de\/index.php?rest_route=%2Fwp%2Fv2%2Fcategories&post=5350"},{"taxonomy":"post_tag","embeddable":true,"href":"https:\/\/spd-stadtrat.de\/index.php?rest_route=%2Fwp%2Fv2%2Ftags&post=5350"}],"curies":[{"name":"wp","href":"https:\/\/api.w.org\/{rel}","templated":true}]}}