{"id":5362,"date":"2021-12-21T12:52:25","date_gmt":"2021-12-21T11:52:25","guid":{"rendered":"http:\/\/spd-stadtrat.de\/?p=5362"},"modified":"2022-03-31T07:26:00","modified_gmt":"2022-03-31T05:26:00","slug":"spd-fraktion-besucht-regensburger-impf-und-testzentrum","status":"publish","type":"post","link":"https:\/\/spd-stadtrat.de\/?p=5362","title":{"rendered":"SPD-Fraktion besucht Regensburger Impf- und Testzentrum"},"content":{"rendered":"\n<p class=\"has-text-align-right\">Regensburg, 21.12.2021<\/p>\n\n\n\n<p>&#8222;Eine gro\u00dfartige Leistung, die unsere Anerkennung und ein herzliches Dankesch\u00f6n verdient&#8220;, so bedankte sich der SPD-Fraktionsvorsitzende Dr. Thomas Burger bei den Teams der Regensburger Impf- und Testzentren. Zusammen mit den Fraktionskolleginnen Evelyn Kolbe-Stockert und Elisabeth Christoph brachte er neben den Dankesworten auch Dankesch\u00f6n-Schoko-Taler&nbsp; und vitaminreiche Obsts\u00e4fte mit. Bei einem vorweihnachtlichen Besuch informierten sich die Mitglieder der SPD-Stadtratsfraktion insbesondere \u00fcber den Stand der Booster-Kampagne in Regensburg und dankten den zahlreichen Helferinnen und Helfern f\u00fcr das Engagement, mit dem Sie in den zweiten Corona-Winter gehen.<\/p>\n\n\n\n<figure class=\"wp-block-image size-large is-resized\"><a href=\"https:\/\/spd-stadtrat.de\/wp-content\/uploads\/2021\/12\/Impfzentrum-21-12-21.jpg\"><img loading=\"lazy\" src=\"https:\/\/spd-stadtrat.de\/wp-content\/uploads\/2021\/12\/Impfzentrum-21-12-21-1024x737.jpg\" alt=\"\" class=\"wp-image-5364\" width=\"410\" height=\"294\" srcset=\"https:\/\/spd-stadtrat.de\/wp-content\/uploads\/2021\/12\/Impfzentrum-21-12-21-1024x737.jpg 1024w, https:\/\/spd-stadtrat.de\/wp-content\/uploads\/2021\/12\/Impfzentrum-21-12-21-300x216.jpg 300w, https:\/\/spd-stadtrat.de\/wp-content\/uploads\/2021\/12\/Impfzentrum-21-12-21-768x553.jpg 768w, https:\/\/spd-stadtrat.de\/wp-content\/uploads\/2021\/12\/Impfzentrum-21-12-21-600x432.jpg 600w, https:\/\/spd-stadtrat.de\/wp-content\/uploads\/2021\/12\/Impfzentrum-21-12-21-1536x1106.jpg 1536w, https:\/\/spd-stadtrat.de\/wp-content\/uploads\/2021\/12\/Impfzentrum-21-12-21-2048x1474.jpg 2048w\" sizes=\"(max-width: 410px) 100vw, 410px\" \/><\/a><\/figure>\n\n\n\n<p>&#8222;Vor dem Hintergrund der oft sehr herausfordernden und sich kurzfristig \u00e4ndernden Rahmenbedingungen und Vorgaben waren es letztendlich und vor allem die Menschen vor Ort, deren herausragendem und mit viel Herzblut verbundenem Einsatz wir dieses leistungsf\u00e4hige Angebot in den Impf- und Testzentren zu verdanken haben &#8211; und das alles trotz vielf\u00e4ltiger H\u00fcrden und Anfeindungen&#8220;, so Dr. Burger: &#8222;Eine erfolgreiche Bek\u00e4mpfung der Pandemie steht und f\u00e4llt mit dem beherzten und zupackendem Handeln von Menschen wie Ihnen. Man kann gar nicht hoch genug einsch\u00e4tzen, was hier Tag f\u00fcr Tag geleistet wird.\u201c<\/p>\n\n\n\n<p>F\u00fcr die stellvertretende Fraktionsvorsitzende Kolbe-Stockert wurde auch noch ein weiterer Punkt deutlich: \u201eOhne die verschiedenen lokalen Hilfsorganisationen, die hier sehr gut zusammenarbeiten, w\u00e4ren die Aufgaben so nicht zu stemmen gewesen. Sie waren und bleiben auch in Zukunft unentbehrlich und sorgen f\u00fcr Sicherheit in unserer Region.\u201c<\/p>\n\n\n\n<p>Mit dabei waren auch die Vorsitzenden der Regensburger SPD, Claudia Neumaier und Raphael Birnstiel: &#8222;Auch wir schlie\u00dfen uns gerne diesem Dank an. Die Impf- und Testzentren leisteten und leisten einen wertvollen und wichtigen Beitrag f\u00fcr die gesamte Stadt. Kritiker sollten es erst einmal besser machen &#8211; und nicht nur glauben, es besser zu wissen.&#8220;<\/p>\n","protected":false},"excerpt":{"rendered":"<p>Regensburg, 21.12.2021 &#8222;Eine gro\u00dfartige Leistung, die unsere Anerkennung und ein herzliches Dankesch\u00f6n verdient&#8220;, so bedankte sich der SPD-Fraktionsvorsitzende Dr. Thomas Burger bei den Teams der Regensburger Impf- und Testzentren. Zusammen mit den Fraktionskolleginnen Evelyn Kolbe-Stockert und Elisabeth Christoph brachte er<\/p>\n","protected":false},"author":6,"featured_media":5364,"comment_status":"closed","ping_status":"open","sticky":false,"template":"","format":"standard","meta":{"ngg_post_thumbnail":0},"categories":[1],"tags":[],"jetpack_featured_media_url":"https:\/\/spd-stadtrat.de\/wp-content\/uploads\/2021\/12\/Impfzentrum-21-12-21.jpg","_links":{"self":[{"href":"https:\/\/spd-stadtrat.de\/index.php?rest_route=\/wp\/v2\/posts\/5362"}],"collection":[{"href":"https:\/\/spd-stadtrat.de\/index.php?rest_route=\/wp\/v2\/posts"}],"about":[{"href":"https:\/\/spd-stadtrat.de\/index.php?rest_route=\/wp\/v2\/types\/post"}],"author":[{"embeddable":true,"href":"https:\/\/spd-stadtrat.de\/index.php?rest_route=\/wp\/v2\/users\/6"}],"replies":[{"embeddable":true,"href":"https:\/\/spd-stadtrat.de\/index.php?rest_route=%2Fwp%2Fv2%2Fcomments&post=5362"}],"version-history":[{"count":4,"href":"https:\/\/spd-stadtrat.de\/index.php?rest_route=\/wp\/v2\/posts\/5362\/revisions"}],"predecessor-version":[{"id":5367,"href":"https:\/\/spd-stadtrat.de\/index.php?rest_route=\/wp\/v2\/posts\/5362\/revisions\/5367"}],"wp:featuredmedia":[{"embeddable":true,"href":"https:\/\/spd-stadtrat.de\/index.php?rest_route=\/wp\/v2\/media\/5364"}],"wp:attachment":[{"href":"https:\/\/spd-stadtrat.de\/index.php?rest_route=%2Fwp%2Fv2%2Fmedia&parent=5362"}],"wp:term":[{"taxonomy":"category","embeddable":true,"href":"https:\/\/spd-stadtrat.de\/index.php?rest_route=%2Fwp%2Fv2%2Fcategories&post=5362"},{"taxonomy":"post_tag","embeddable":true,"href":"https:\/\/spd-stadtrat.de\/index.php?rest_route=%2Fwp%2Fv2%2Ftags&post=5362"}],"curies":[{"name":"wp","href":"https:\/\/api.w.org\/{rel}","templated":true}]}}