{"id":5392,"date":"2022-02-07T12:34:51","date_gmt":"2022-02-07T11:34:51","guid":{"rendered":"http:\/\/spd-stadtrat.de\/?p=5392"},"modified":"2022-02-07T12:34:52","modified_gmt":"2022-02-07T11:34:52","slug":"die-regensburger-spd-trauert-um-ihre-stadtraetin-dagmar-kick","status":"publish","type":"post","link":"https:\/\/spd-stadtrat.de\/?p=5392","title":{"rendered":"Die Regensburger SPD trauert um ihre Stadtr\u00e4tin Dagmar Kick"},"content":{"rendered":"\n<figure class=\"wp-block-image size-large\"><a href=\"https:\/\/spd-stadtrat.de\/wp-content\/uploads\/2022\/02\/2020-Kick-1-150x150-1.jpg\"><img loading=\"lazy\" width=\"150\" height=\"150\" src=\"https:\/\/spd-stadtrat.de\/wp-content\/uploads\/2022\/02\/2020-Kick-1-150x150-1.jpg\" alt=\"\" class=\"wp-image-5399\"\/><\/a><\/figure>\n\n\n\n<p>die am 01. Februar 2022 den Kampf gegen ihre schwere Krankheit verloren hat.<\/p>\n\n\n\n<p>Wir verlieren mit Dagmars Tod eine engagierte Stadtr\u00e4tin, Genossin und Freundin, die sich bis zuletzt f\u00fcr die Menschen in Regensburg interessierte und eingesetzt hat.<\/p>\n\n\n\n<p>Seit ihrem Eintritt in die SPD im Jahr 1999 brachte sich Dagmar mit gro\u00dfer Leidenschaft f\u00fcr sozialdemokratische Themen in verschiedensten Funktionen in unserer Partei ein. So geh\u00f6rte Dagmar von 2007 bis 2021 als Beisitzerin dem Unterbezirksvorstand der SPD Regensburg an und diente von 2018 bis 2021 als stellvertretende Stadtverbandsvorsitzende der Regensburger SPD.<\/p>\n\n\n\n<p>Besonders lagen ihr aber die Themen der Menschen aus ihrem Stadtviertel am Herzen, f\u00fcr die sie als Vorsitzende des SPD-Ortsvereins Burgweinting-Harting-Irl vehement k\u00e4mpfte.<\/p>\n\n\n\n<p>Seit 2014 geh\u00f6rte Dagmar f\u00fcr die SPD dem Regensburger Stadtrat an und wurde 2020 als Stadtr\u00e4tin wiedergew\u00e4hlt. Zuletzt vertrat Sie die SPD-Fraktion mit ihrer Expertise in den Aussch\u00fcssen f\u00fcr Kultur, Bildung, Soziales, Bau &amp; Vergabe sowie dem Personalausschuss.<\/p>\n\n\n\n<p>Der viel zu fr\u00fche Tod von Dagmar hinterl\u00e4sst in der Regensburger SPD und bei allen, die sie kannten, eine gro\u00dfe L\u00fccke.<\/p>\n\n\n\n<p>Unsere Gedanken sind in diesen Stunden bei ihrem Mann und ihren Kindern.<\/p>\n\n\n\n<p>Wir sind dankbar f\u00fcr Dagmars unerm\u00fcdlichen Kampf f\u00fcr die Werte der Sozialdemokratie und soziale Gerechtigkeit und werden ihr ein ehrendes Gedenken bewahren.<\/p>\n\n\n\n<p>Sebastian Koch&nbsp;&nbsp;&nbsp;&nbsp;&nbsp;&nbsp;&nbsp;&nbsp;&nbsp;&nbsp;&nbsp;&nbsp;&nbsp;&nbsp;&nbsp;&nbsp;&nbsp;&nbsp;&nbsp;&nbsp;&nbsp;&nbsp;&nbsp;&nbsp;&nbsp;&nbsp;&nbsp;&nbsp;&nbsp;&nbsp;&nbsp;&nbsp;&nbsp;&nbsp;&nbsp;&nbsp;&nbsp;&nbsp;&nbsp;&nbsp;&nbsp;&nbsp;&nbsp;&nbsp;&nbsp;&nbsp;&nbsp;&nbsp;&nbsp;&nbsp;&nbsp;&nbsp;&nbsp;&nbsp;&nbsp;&nbsp;&nbsp;&nbsp;&nbsp;&nbsp;&nbsp;&nbsp;&nbsp;&nbsp;&nbsp; Dr. Thomas Burger<br>SPD-Unterbezirksvorsitzender&nbsp;&nbsp;&nbsp;&nbsp;&nbsp;&nbsp;&nbsp;&nbsp;&nbsp;&nbsp;&nbsp;&nbsp;&nbsp;&nbsp;&nbsp;&nbsp;&nbsp;&nbsp;&nbsp;&nbsp;&nbsp;&nbsp;&nbsp;&nbsp;&nbsp;&nbsp;&nbsp;&nbsp;&nbsp;&nbsp; SPD-Fraktionsvorsitzender<br><br>Claudia Neumaier &amp; Raphael Birnstiel&nbsp;&nbsp;&nbsp;&nbsp;&nbsp;&nbsp;&nbsp;&nbsp;&nbsp;&nbsp;&nbsp;&nbsp;&nbsp;&nbsp;&nbsp;&nbsp;&nbsp; Jan Kempinger<br>SPD-Stadtverbandsvorsitzende&nbsp;&nbsp;&nbsp;&nbsp;&nbsp;&nbsp;&nbsp;&nbsp;&nbsp;&nbsp;&nbsp;&nbsp;&nbsp;&nbsp;&nbsp;&nbsp;&nbsp;&nbsp;&nbsp;&nbsp;&nbsp;&nbsp;&nbsp;&nbsp;&nbsp;&nbsp;&nbsp;&nbsp;&nbsp;&nbsp;&nbsp; Vors. SPD-OV  Burgweinting-Harting-Irl<\/p>\n","protected":false},"excerpt":{"rendered":"<p>die am 01. Februar 2022 den Kampf gegen ihre schwere Krankheit verloren hat. Wir verlieren mit Dagmars Tod eine engagierte Stadtr\u00e4tin, Genossin und Freundin, die sich bis zuletzt f\u00fcr die Menschen in Regensburg interessierte und eingesetzt hat. Seit ihrem Eintritt<\/p>\n","protected":false},"author":3,"featured_media":5398,"comment_status":"closed","ping_status":"open","sticky":false,"template":"","format":"standard","meta":{"ngg_post_thumbnail":0},"categories":[1],"tags":[],"jetpack_featured_media_url":"https:\/\/spd-stadtrat.de\/wp-content\/uploads\/2022\/02\/2020-Kick-1.jpg","_links":{"self":[{"href":"https:\/\/spd-stadtrat.de\/index.php?rest_route=\/wp\/v2\/posts\/5392"}],"collection":[{"href":"https:\/\/spd-stadtrat.de\/index.php?rest_route=\/wp\/v2\/posts"}],"about":[{"href":"https:\/\/spd-stadtrat.de\/index.php?rest_route=\/wp\/v2\/types\/post"}],"author":[{"embeddable":true,"href":"https:\/\/spd-stadtrat.de\/index.php?rest_route=\/wp\/v2\/users\/3"}],"replies":[{"embeddable":true,"href":"https:\/\/spd-stadtrat.de\/index.php?rest_route=%2Fwp%2Fv2%2Fcomments&post=5392"}],"version-history":[{"count":18,"href":"https:\/\/spd-stadtrat.de\/index.php?rest_route=\/wp\/v2\/posts\/5392\/revisions"}],"predecessor-version":[{"id":5418,"href":"https:\/\/spd-stadtrat.de\/index.php?rest_route=\/wp\/v2\/posts\/5392\/revisions\/5418"}],"wp:featuredmedia":[{"embeddable":true,"href":"https:\/\/spd-stadtrat.de\/index.php?rest_route=\/wp\/v2\/media\/5398"}],"wp:attachment":[{"href":"https:\/\/spd-stadtrat.de\/index.php?rest_route=%2Fwp%2Fv2%2Fmedia&parent=5392"}],"wp:term":[{"taxonomy":"category","embeddable":true,"href":"https:\/\/spd-stadtrat.de\/index.php?rest_route=%2Fwp%2Fv2%2Fcategories&post=5392"},{"taxonomy":"post_tag","embeddable":true,"href":"https:\/\/spd-stadtrat.de\/index.php?rest_route=%2Fwp%2Fv2%2Ftags&post=5392"}],"curies":[{"name":"wp","href":"https:\/\/api.w.org\/{rel}","templated":true}]}}