{"id":5515,"date":"2022-04-04T15:05:22","date_gmt":"2022-04-04T13:05:22","guid":{"rendered":"https:\/\/spd-stadtrat.de\/?p=5515"},"modified":"2022-04-04T15:06:58","modified_gmt":"2022-04-04T13:06:58","slug":"regensburg-hilft-odessa","status":"publish","type":"post","link":"https:\/\/spd-stadtrat.de\/?p=5515","title":{"rendered":"Regensburg hilft Odessa"},"content":{"rendered":"\n<p class=\"has-text-align-right\">Regensburg, 04.04.2022<\/p>\n\n\n\n<p>Die Stadt Regensburg hatte zur zentralen Sammlung von Hilfsg\u00fctern f\u00fcr Odessa eine Anlaufstelle eingerichtet. Dort konnten Spendeng\u00fcter abgegeben werden.<\/p>\n\n\n\n<figure class=\"wp-block-image size-large is-resized\"><a href=\"https:\/\/spd-stadtrat.de\/wp-content\/uploads\/2022\/04\/Hilfe-fuer-Odessa-2.jpg\"><img loading=\"lazy\" src=\"https:\/\/spd-stadtrat.de\/wp-content\/uploads\/2022\/04\/Hilfe-fuer-Odessa-2-768x1024.jpg\" alt=\"\" class=\"wp-image-5516\" width=\"299\" height=\"399\" srcset=\"https:\/\/spd-stadtrat.de\/wp-content\/uploads\/2022\/04\/Hilfe-fuer-Odessa-2-768x1023.jpg 768w, https:\/\/spd-stadtrat.de\/wp-content\/uploads\/2022\/04\/Hilfe-fuer-Odessa-2-225x300.jpg 225w, https:\/\/spd-stadtrat.de\/wp-content\/uploads\/2022\/04\/Hilfe-fuer-Odessa-2-1153x1536.jpg 1153w, https:\/\/spd-stadtrat.de\/wp-content\/uploads\/2022\/04\/Hilfe-fuer-Odessa-2.jpg 1416w\" sizes=\"(max-width: 299px) 100vw, 299px\" \/><\/a><figcaption>Zwei der zahlreichen,<br> schon fertig gepackten Paletten<\/figcaption><\/figure>\n\n\n\n<p>Am letzten Samstag hat sich unsere stellvertretende Fraktionsvorsitzende Evelyn Kolbe-Stockert zum zweiten Mal in den Kreis der Helfer*innen und Mitarbeiter*innen in der Sammelstelle im st\u00e4dtische Recyclinghof eingereiht.<\/p>\n\n\n\n<p>\u201eDerzeit werden vorrangig haltbare Lebensmittel, Hygieneartikel und andere Hilfsg\u00fcter f\u00fcr den dritten Hilfskonvoi nach Odessa vorbereitet\u201c, so Evelyn Kolbe-Stockert.<\/p>\n\n\n\n<p>Am Samstag kam noch einige dicke Winterkleidung als Spende. Daneben wurden ein paar Erste-Hilfe-Packs abgegeben, ebenso wurden die Lebensmittelspenden der letzten Woche erg\u00e4nzt. Besonders erfreulich war, dass eine so stattliche Menge an Baby-Nahrung, Windeln und Hygieneartikeln f\u00fcr Kinder und Erwachsene zusammengekommen ist.<\/p>\n\n\n\n<figure class=\"wp-block-image size-large is-resized\"><a href=\"https:\/\/spd-stadtrat.de\/wp-content\/uploads\/2022\/04\/Hilfe-fuer-Odessa-1.jpg\"><img loading=\"lazy\" src=\"https:\/\/spd-stadtrat.de\/wp-content\/uploads\/2022\/04\/Hilfe-fuer-Odessa-1-768x1024.jpg\" alt=\"\" class=\"wp-image-5520\" width=\"177\" height=\"236\" srcset=\"https:\/\/spd-stadtrat.de\/wp-content\/uploads\/2022\/04\/Hilfe-fuer-Odessa-1-768x1024.jpg 768w, https:\/\/spd-stadtrat.de\/wp-content\/uploads\/2022\/04\/Hilfe-fuer-Odessa-1-225x300.jpg 225w, https:\/\/spd-stadtrat.de\/wp-content\/uploads\/2022\/04\/Hilfe-fuer-Odessa-1-1152x1536.jpg 1152w, https:\/\/spd-stadtrat.de\/wp-content\/uploads\/2022\/04\/Hilfe-fuer-Odessa-1.jpg 1500w\" sizes=\"(max-width: 177px) 100vw, 177px\" \/><\/a><figcaption>Lebensmittel f\u00fcr Odessa<\/figcaption><\/figure>\n\n\n\n<p>Die beiden ersten Lieferungen sind schon letzte Woche in Odessa in der letzten Woche angekommen. Alle Beteiligten hoffen, dass der dritte Konvoi ebenfalls sein Ziel erreicht.<\/p>\n\n\n\n<p>Die SPD-Stadtratsfraktion dankt allen Spender*innen und den flei\u00dfigen Helfer*innen bei der Spendenannahme sowie den engagierten Mitarbeiter*innen des Recyclinghofes, die sehr kompetent, hilfsbereit und freundlich die Annahme und das Verpacken der Spenden bewerkstelligt haben.<\/p>\n","protected":false},"excerpt":{"rendered":"<p>Regensburg, 04.04.2022 Die Stadt Regensburg hatte zur zentralen Sammlung von Hilfsg\u00fctern f\u00fcr Odessa eine Anlaufstelle eingerichtet. Dort konnten Spendeng\u00fcter abgegeben werden. Am letzten Samstag hat sich unsere stellvertretende Fraktionsvorsitzende Evelyn Kolbe-Stockert zum zweiten Mal in den Kreis der Helfer*innen und<\/p>\n","protected":false},"author":6,"featured_media":5516,"comment_status":"closed","ping_status":"open","sticky":false,"template":"","format":"standard","meta":{"ngg_post_thumbnail":0},"categories":[1],"tags":[],"jetpack_featured_media_url":"https:\/\/spd-stadtrat.de\/wp-content\/uploads\/2022\/04\/Hilfe-fuer-Odessa-2.jpg","_links":{"self":[{"href":"https:\/\/spd-stadtrat.de\/index.php?rest_route=\/wp\/v2\/posts\/5515"}],"collection":[{"href":"https:\/\/spd-stadtrat.de\/index.php?rest_route=\/wp\/v2\/posts"}],"about":[{"href":"https:\/\/spd-stadtrat.de\/index.php?rest_route=\/wp\/v2\/types\/post"}],"author":[{"embeddable":true,"href":"https:\/\/spd-stadtrat.de\/index.php?rest_route=\/wp\/v2\/users\/6"}],"replies":[{"embeddable":true,"href":"https:\/\/spd-stadtrat.de\/index.php?rest_route=%2Fwp%2Fv2%2Fcomments&post=5515"}],"version-history":[{"count":12,"href":"https:\/\/spd-stadtrat.de\/index.php?rest_route=\/wp\/v2\/posts\/5515\/revisions"}],"predecessor-version":[{"id":5529,"href":"https:\/\/spd-stadtrat.de\/index.php?rest_route=\/wp\/v2\/posts\/5515\/revisions\/5529"}],"wp:featuredmedia":[{"embeddable":true,"href":"https:\/\/spd-stadtrat.de\/index.php?rest_route=\/wp\/v2\/media\/5516"}],"wp:attachment":[{"href":"https:\/\/spd-stadtrat.de\/index.php?rest_route=%2Fwp%2Fv2%2Fmedia&parent=5515"}],"wp:term":[{"taxonomy":"category","embeddable":true,"href":"https:\/\/spd-stadtrat.de\/index.php?rest_route=%2Fwp%2Fv2%2Fcategories&post=5515"},{"taxonomy":"post_tag","embeddable":true,"href":"https:\/\/spd-stadtrat.de\/index.php?rest_route=%2Fwp%2Fv2%2Ftags&post=5515"}],"curies":[{"name":"wp","href":"https:\/\/api.w.org\/{rel}","templated":true}]}}