{"id":5534,"date":"2022-04-12T14:08:00","date_gmt":"2022-04-12T12:08:00","guid":{"rendered":"https:\/\/spd-stadtrat.de\/?p=5534"},"modified":"2022-04-12T13:09:08","modified_gmt":"2022-04-12T11:09:08","slug":"verbesserte-verknuepfung-von-angeboten-in-der-pflege-durch-pflegestuetzpunkt-2","status":"publish","type":"post","link":"https:\/\/spd-stadtrat.de\/?p=5534","title":{"rendered":"Verbesserte Verkn\u00fcpfung von Angeboten in der Pflege durch Pflegest\u00fctzpunkt"},"content":{"rendered":"\n<p class=\"has-text-align-right\">Regensburg, 12.04.2022<\/p>\n\n\n\n<p>SPD-Fraktion freut sich \u00fcber z\u00fcgige Umsetzung ihrer Forderung bis hin zum F\u00f6rderbescheid<\/p>\n\n\n\n<p>\u201eIm Jahr 2020 in der Koalitionsvereinbarung als Forderung formuliert, Mitte 2020 bereits im Stadtrat beschlossen, im August 2021 bereits er\u00f6ffnet und nun auch noch der F\u00f6rderbescheid des Freistaats, das nennt man z\u00fcgige und zielgerichtete Abarbeitung\u201c, kommentiert der SPD-Fraktionsvorsitzende Dr. Thomas Burger die heutige \u00dcberreichung des F\u00f6rderbescheids durch Gesundheitsminister Klaus Holetschek im Regensburger Rathaus.<\/p>\n\n\n\n<figure class=\"wp-block-image size-full is-resized\"><a href=\"http:\/\/spd-stadtrat.de\/wp-content\/uploads\/2021\/12\/Evelyn-Kolbe-Stockert-2021-1k.jpg\"><img loading=\"lazy\" src=\"http:\/\/spd-stadtrat.de\/wp-content\/uploads\/2021\/12\/Evelyn-Kolbe-Stockert-2021-1k.jpg\" alt=\"\" class=\"wp-image-5354\" width=\"278\" height=\"206\" srcset=\"https:\/\/spd-stadtrat.de\/wp-content\/uploads\/2021\/12\/Evelyn-Kolbe-Stockert-2021-1k.jpg 500w, https:\/\/spd-stadtrat.de\/wp-content\/uploads\/2021\/12\/Evelyn-Kolbe-Stockert-2021-1k-300x222.jpg 300w\" sizes=\"(max-width: 278px) 100vw, 278px\" \/><\/a><figcaption>Evelyn Kolbe-Stockert<\/figcaption><\/figure>\n\n\n\n<p>Seit August 2021 steht in der Stadt Regensburg der neu eingerichtete Pflegest\u00fctzpunkt f\u00fcr umfassende Informationen rund um das Thema Pflege zur Verf\u00fcgung. Gemeinsamer Tr\u00e4ger der Einrichtung sind die Pflege- und Krankenkassen, der Bezirk Oberpfalz fungiert als Tr\u00e4ger der Hilfe zur Pflege und die Stadt Regensburg als Tr\u00e4ger der Altenhilfe. \u201eDer Pflegest\u00fctzpunkt unterst\u00fctzt beim Seniorenamt wirkungsvoll die Verkn\u00fcpfung der vorhandenen Beratungs- und Hilfsangebote\u201c, freut sich Stadtr\u00e4tin Evelyn Kolbe-Stockert, sozialpolitische Sprecherin der SPD-Fraktion: \u201eLeider waren die verschiedenen bereits bestehenden Beratungsangebote den Ratsuchenden oftmals nicht bekannt, der Pflegest\u00fctzpunkt leistet hier als zentrale Anlaufstelle wertvolle Dienste.\u201c Der Pflegest\u00fctzpunkt sei damit ein weiterer Schritt zu einer effektiveren und effizienteren Versorgung der Pflege-und Hilfebed\u00fcrftigen in Regensburg.<\/p>\n\n\n\n<p>Dr. Burger freut sich jedoch nicht nur dar\u00fcber, dass der neue Pflegest\u00fctzpunkt aufgrund der z\u00fcgigen Realisierung in diesem bereits seinen ersten Geburtstag feiern darf: \u201eDie Ma\u00dfnahme wurde zudem \u00fcber alle Parteigrenzen hinweg begr\u00fc\u00dft. Ein sch\u00f6nes Zeichen, dass in Regensburg der Stadtrat bei solchen Themen an einem Strang zieht.\u201c<\/p>\n\n\n\n<p><\/p>\n","protected":false},"excerpt":{"rendered":"<p>Regensburg, 12.04.2022 SPD-Fraktion freut sich \u00fcber z\u00fcgige Umsetzung ihrer Forderung bis hin zum F\u00f6rderbescheid \u201eIm Jahr 2020 in der Koalitionsvereinbarung als Forderung formuliert, Mitte 2020 bereits im Stadtrat beschlossen, im August 2021 bereits er\u00f6ffnet und nun auch noch der F\u00f6rderbescheid<\/p>\n","protected":false},"author":6,"featured_media":5354,"comment_status":"closed","ping_status":"open","sticky":false,"template":"","format":"standard","meta":{"ngg_post_thumbnail":0},"categories":[1],"tags":[],"jetpack_featured_media_url":"https:\/\/spd-stadtrat.de\/wp-content\/uploads\/2021\/12\/Evelyn-Kolbe-Stockert-2021-1k.jpg","_links":{"self":[{"href":"https:\/\/spd-stadtrat.de\/index.php?rest_route=\/wp\/v2\/posts\/5534"}],"collection":[{"href":"https:\/\/spd-stadtrat.de\/index.php?rest_route=\/wp\/v2\/posts"}],"about":[{"href":"https:\/\/spd-stadtrat.de\/index.php?rest_route=\/wp\/v2\/types\/post"}],"author":[{"embeddable":true,"href":"https:\/\/spd-stadtrat.de\/index.php?rest_route=\/wp\/v2\/users\/6"}],"replies":[{"embeddable":true,"href":"https:\/\/spd-stadtrat.de\/index.php?rest_route=%2Fwp%2Fv2%2Fcomments&post=5534"}],"version-history":[{"count":1,"href":"https:\/\/spd-stadtrat.de\/index.php?rest_route=\/wp\/v2\/posts\/5534\/revisions"}],"predecessor-version":[{"id":5535,"href":"https:\/\/spd-stadtrat.de\/index.php?rest_route=\/wp\/v2\/posts\/5534\/revisions\/5535"}],"wp:featuredmedia":[{"embeddable":true,"href":"https:\/\/spd-stadtrat.de\/index.php?rest_route=\/wp\/v2\/media\/5354"}],"wp:attachment":[{"href":"https:\/\/spd-stadtrat.de\/index.php?rest_route=%2Fwp%2Fv2%2Fmedia&parent=5534"}],"wp:term":[{"taxonomy":"category","embeddable":true,"href":"https:\/\/spd-stadtrat.de\/index.php?rest_route=%2Fwp%2Fv2%2Fcategories&post=5534"},{"taxonomy":"post_tag","embeddable":true,"href":"https:\/\/spd-stadtrat.de\/index.php?rest_route=%2Fwp%2Fv2%2Ftags&post=5534"}],"curies":[{"name":"wp","href":"https:\/\/api.w.org\/{rel}","templated":true}]}}