{"id":5541,"date":"2022-04-26T09:17:00","date_gmt":"2022-04-26T07:17:00","guid":{"rendered":"https:\/\/spd-stadtrat.de\/?p=5541"},"modified":"2022-04-26T13:47:46","modified_gmt":"2022-04-26T11:47:46","slug":"kostenlose-windelsaecke-haben-sich-bewaehrt","status":"publish","type":"post","link":"https:\/\/spd-stadtrat.de\/?p=5541","title":{"rendered":"Kostenlose Windels\u00e4cke haben sich bew\u00e4hrt"},"content":{"rendered":"\n<p class=\"has-text-align-right\">Regensburg, 25.04.2022<\/p>\n\n\n\n<p>Weiterer Ausbau des Angebots f\u00fcr Neugeborene und von Inkontinenz betroffene Personen<\/p>\n\n\n\n<figure class=\"wp-block-image size-full is-resized\"><a href=\"https:\/\/spd-stadtrat.de\/wp-content\/uploads\/2022\/04\/abkallkalender-2022-cover.jpg\"><img loading=\"lazy\" src=\"https:\/\/spd-stadtrat.de\/wp-content\/uploads\/2022\/04\/abkallkalender-2022-cover.jpg\" alt=\"\" class=\"wp-image-5542\" width=\"276\" height=\"360\" srcset=\"https:\/\/spd-stadtrat.de\/wp-content\/uploads\/2022\/04\/abkallkalender-2022-cover.jpg 335w, https:\/\/spd-stadtrat.de\/wp-content\/uploads\/2022\/04\/abkallkalender-2022-cover-230x300.jpg 230w\" sizes=\"(max-width: 276px) 100vw, 276px\" \/><\/a><figcaption><em>Im Abfallkalender 2022 ist bereits ein <\/em><br><em>Verweis auf die Windels\u00e4cke zu finden. <\/em><br><em>[Bild: https:\/\/www.regensburg.de\/<\/em><br><em>leben\/umwelt\/abfall-und-recycling\/abfallkalender]<\/em><\/figcaption><\/figure>\n\n\n\n<p>\u201eWir freuen uns, dass unsere Initiative auf fruchtbaren Boden gesto\u00dfen ist\u201c, kommentiert der SPD-Fraktionsvorsitzende Dr. Thomas Burger die Vorlage zur Evaluierung der kostenlosen Windels\u00e4cke f\u00fcr Neugeborene und Personen, die von Inkontinenz betroffen sind. Diese wurden in Form von zus\u00e4tzlichen Abfalls\u00e4cken im Jahr 2020 eingef\u00fchrt. Die in der kommenden Sitzung des Umweltausschusses vorgelegte Evaluierung f\u00fchrt nun sogar zu einer Erweiterung des berechtigten Personenkreises.<\/p>\n\n\n\n<p>\u201eDas Angebot kostenloser (Windel-)Abfalls\u00e4cke sowie der Zuschuss f\u00fcr den Kauf von Stoffwindeln wurde bereits im ersten Jahr von rund 16 % der Eltern von Neugeborenen angenommen\u201c, stellt Hans Holler, der umweltpolitische Sprecher der SPD-Fraktion, fest.<br>Erfreulich sei dabei zudem, dass sich \u00fcber 40 % der Berechtigten f\u00fcr die umweltfreundlichere Variante der gef\u00f6rderten Stoffwindeln entschieden haben, so Holler.<\/p>\n\n\n\n<p>Nach diesem durchaus erfreulichen Anlauf der Aktion soll deshalb gerade bei den Stoffwindeln erg\u00e4nzt werden. Neben dem Kauf neuer Windeln werden k\u00fcnftig auch Mietwindeln und Second-Hand-Windeln in die F\u00f6rderung aufgenommen.<br>Bei Personen, die von Inkontinenz betroffen sind, sollen neben Erwachsenen k\u00fcnftig zus\u00e4tzlich auch Kinder und Jugendliche ber\u00fccksichtigt werden.<\/p>\n\n\n\n<p>\u201eRegensburg ist eine familienfreundliche und soziale Stadt. Dies unterstreichen wir auch mit der Weiterf\u00fchrung und dem Ausbau dieses Angebots\u201c, betont die Evelyn Kolbe-Stockert, sozialpolitische Sprecherin der SPD-Fraktion.<\/p>\n","protected":false},"excerpt":{"rendered":"<p>Regensburg, 25.04.2022 Weiterer Ausbau des Angebots f\u00fcr Neugeborene und von Inkontinenz betroffene Personen \u201eWir freuen uns, dass unsere Initiative auf fruchtbaren Boden gesto\u00dfen ist\u201c, kommentiert der SPD-Fraktionsvorsitzende Dr. Thomas Burger die Vorlage zur Evaluierung der kostenlosen Windels\u00e4cke f\u00fcr Neugeborene und<\/p>\n","protected":false},"author":6,"featured_media":5542,"comment_status":"closed","ping_status":"open","sticky":false,"template":"","format":"standard","meta":{"ngg_post_thumbnail":0},"categories":[1],"tags":[],"jetpack_featured_media_url":"https:\/\/spd-stadtrat.de\/wp-content\/uploads\/2022\/04\/abkallkalender-2022-cover.jpg","_links":{"self":[{"href":"https:\/\/spd-stadtrat.de\/index.php?rest_route=\/wp\/v2\/posts\/5541"}],"collection":[{"href":"https:\/\/spd-stadtrat.de\/index.php?rest_route=\/wp\/v2\/posts"}],"about":[{"href":"https:\/\/spd-stadtrat.de\/index.php?rest_route=\/wp\/v2\/types\/post"}],"author":[{"embeddable":true,"href":"https:\/\/spd-stadtrat.de\/index.php?rest_route=\/wp\/v2\/users\/6"}],"replies":[{"embeddable":true,"href":"https:\/\/spd-stadtrat.de\/index.php?rest_route=%2Fwp%2Fv2%2Fcomments&post=5541"}],"version-history":[{"count":2,"href":"https:\/\/spd-stadtrat.de\/index.php?rest_route=\/wp\/v2\/posts\/5541\/revisions"}],"predecessor-version":[{"id":5544,"href":"https:\/\/spd-stadtrat.de\/index.php?rest_route=\/wp\/v2\/posts\/5541\/revisions\/5544"}],"wp:featuredmedia":[{"embeddable":true,"href":"https:\/\/spd-stadtrat.de\/index.php?rest_route=\/wp\/v2\/media\/5542"}],"wp:attachment":[{"href":"https:\/\/spd-stadtrat.de\/index.php?rest_route=%2Fwp%2Fv2%2Fmedia&parent=5541"}],"wp:term":[{"taxonomy":"category","embeddable":true,"href":"https:\/\/spd-stadtrat.de\/index.php?rest_route=%2Fwp%2Fv2%2Fcategories&post=5541"},{"taxonomy":"post_tag","embeddable":true,"href":"https:\/\/spd-stadtrat.de\/index.php?rest_route=%2Fwp%2Fv2%2Ftags&post=5541"}],"curies":[{"name":"wp","href":"https:\/\/api.w.org\/{rel}","templated":true}]}}