{"id":5548,"date":"2022-05-02T07:46:44","date_gmt":"2022-05-02T05:46:44","guid":{"rendered":"https:\/\/spd-stadtrat.de\/?p=5548"},"modified":"2022-05-02T07:46:46","modified_gmt":"2022-05-02T05:46:46","slug":"empfang-der-stadt-regensburg-zum-maifeiertag","status":"publish","type":"post","link":"https:\/\/spd-stadtrat.de\/?p=5548","title":{"rendered":"Empfang der Stadt Regensburg zum Maifeiertag"},"content":{"rendered":"\n<p class=\"has-text-align-right\">Regensburg, 28.05.2021<\/p>\n\n\n\n<p>Am gestrigen Abend fand im Historischen Reichssaal des Alten Rathauses der Empfang der Stadt Regensburg zum Maifeiertag f\u00fcr die Repr\u00e4sentant*innen der Gewerkschaften, der Betriebsr\u00e4te und der Personalvertretungen statt.<\/p>\n\n\n\n<figure class=\"wp-block-image size-full is-resized\"><a href=\"https:\/\/spd-stadtrat.de\/wp-content\/uploads\/2022\/05\/Maiempfang-2022-1.jpg\"><img loading=\"lazy\" src=\"https:\/\/spd-stadtrat.de\/wp-content\/uploads\/2022\/05\/Maiempfang-2022-1.jpg\" alt=\"\" class=\"wp-image-5549\" width=\"419\" height=\"314\" srcset=\"https:\/\/spd-stadtrat.de\/wp-content\/uploads\/2022\/05\/Maiempfang-2022-1.jpg 640w, https:\/\/spd-stadtrat.de\/wp-content\/uploads\/2022\/05\/Maiempfang-2022-1-300x225.jpg 300w\" sizes=\"(max-width: 419px) 100vw, 419px\" \/><\/a><\/figure>\n\n\n\n<p>In ihren Reden hoben sowohl <a href=\"https:\/\/www.facebook.com\/oberbuergermeisterin.maltz.schwarzfischer\/?__cft__%5b0%5d=AZWIKWrdZW-syiNIOtSq1UsrKUbT2f-j-lr32eF0e7WgKBRrms-JpBxY_tJzv34MPlnnn0vrhX2Q7YD7fOfgS02KWPoYl7zUiSp5DWj2QQv49Svj2IU2DuxlVE9awaX0pYdF3YMmAxL6qf-gfiF_IeFIR0l4DTb1yhvGGUiHiJ4Q7m_Dq16qy84UtYk0q6-MphQ&amp;__tn__=kK-R\">Oberb\u00fcrgermeisterin Gertrud Maltz-Schwarzfischer<\/a> als auch Christian Dietl, DGB-Regionalvorsitzender, die besondere Bedeutung der Gewerkschaften, Betriebr\u00e4te und Personalvertretungen, im Kampf der Arbeitnehmer*innen f\u00fcr ihre Rechte, hervor.<\/p>\n\n\n\n<p>Zugleich wiesen sie auf die neuen Herausforderungen hin, welche sich durch die COVID-Pandemie und die Transformation der Arbeitswelt ergeben,<\/p>\n\n\n\n<p>Die enge Verbundenheit der SPD-Fraktion zu den Gewerkschaften brachten wir durch eine starke Pr\u00e4senz zum Ausdruck.<\/p>\n","protected":false},"excerpt":{"rendered":"<p>Regensburg, 28.05.2021 Am gestrigen Abend fand im Historischen Reichssaal des Alten Rathauses der Empfang der Stadt Regensburg zum Maifeiertag f\u00fcr die Repr\u00e4sentant*innen der Gewerkschaften, der Betriebsr\u00e4te und der Personalvertretungen statt. In ihren Reden hoben sowohl Oberb\u00fcrgermeisterin Gertrud Maltz-Schwarzfischer als auch<\/p>\n","protected":false},"author":6,"featured_media":5549,"comment_status":"closed","ping_status":"open","sticky":false,"template":"","format":"standard","meta":{"ngg_post_thumbnail":0},"categories":[1],"tags":[],"jetpack_featured_media_url":"https:\/\/spd-stadtrat.de\/wp-content\/uploads\/2022\/05\/Maiempfang-2022-1.jpg","_links":{"self":[{"href":"https:\/\/spd-stadtrat.de\/index.php?rest_route=\/wp\/v2\/posts\/5548"}],"collection":[{"href":"https:\/\/spd-stadtrat.de\/index.php?rest_route=\/wp\/v2\/posts"}],"about":[{"href":"https:\/\/spd-stadtrat.de\/index.php?rest_route=\/wp\/v2\/types\/post"}],"author":[{"embeddable":true,"href":"https:\/\/spd-stadtrat.de\/index.php?rest_route=\/wp\/v2\/users\/6"}],"replies":[{"embeddable":true,"href":"https:\/\/spd-stadtrat.de\/index.php?rest_route=%2Fwp%2Fv2%2Fcomments&post=5548"}],"version-history":[{"count":2,"href":"https:\/\/spd-stadtrat.de\/index.php?rest_route=\/wp\/v2\/posts\/5548\/revisions"}],"predecessor-version":[{"id":5551,"href":"https:\/\/spd-stadtrat.de\/index.php?rest_route=\/wp\/v2\/posts\/5548\/revisions\/5551"}],"wp:featuredmedia":[{"embeddable":true,"href":"https:\/\/spd-stadtrat.de\/index.php?rest_route=\/wp\/v2\/media\/5549"}],"wp:attachment":[{"href":"https:\/\/spd-stadtrat.de\/index.php?rest_route=%2Fwp%2Fv2%2Fmedia&parent=5548"}],"wp:term":[{"taxonomy":"category","embeddable":true,"href":"https:\/\/spd-stadtrat.de\/index.php?rest_route=%2Fwp%2Fv2%2Fcategories&post=5548"},{"taxonomy":"post_tag","embeddable":true,"href":"https:\/\/spd-stadtrat.de\/index.php?rest_route=%2Fwp%2Fv2%2Ftags&post=5548"}],"curies":[{"name":"wp","href":"https:\/\/api.w.org\/{rel}","templated":true}]}}