{"id":5564,"date":"2022-06-29T13:35:22","date_gmt":"2022-06-29T11:35:22","guid":{"rendered":"https:\/\/spd-stadtrat.de\/?p=5564"},"modified":"2022-06-29T13:41:07","modified_gmt":"2022-06-29T11:41:07","slug":"csd-2022-in-regensburg","status":"publish","type":"post","link":"https:\/\/spd-stadtrat.de\/?p=5564","title":{"rendered":"CSD 2022 in Regensburg"},"content":{"rendered":"\n<p class=\"has-text-align-right\">Regensburg, 27.06.2022<\/p>\n\n\n\n<figure class=\"wp-block-image size-full is-resized\"><a href=\"https:\/\/spd-stadtrat.de\/wp-content\/uploads\/2022\/06\/CSD-2022-1.jpg\"><img loading=\"lazy\" src=\"https:\/\/spd-stadtrat.de\/wp-content\/uploads\/2022\/06\/CSD-2022-1.jpg\" alt=\"\" class=\"wp-image-5565\" width=\"489\" height=\"367\" srcset=\"https:\/\/spd-stadtrat.de\/wp-content\/uploads\/2022\/06\/CSD-2022-1.jpg 1024w, https:\/\/spd-stadtrat.de\/wp-content\/uploads\/2022\/06\/CSD-2022-1-300x225.jpg 300w, https:\/\/spd-stadtrat.de\/wp-content\/uploads\/2022\/06\/CSD-2022-1-768x576.jpg 768w\" sizes=\"(max-width: 489px) 100vw, 489px\" \/><\/a><\/figure>\n\n\n\n<p>Der letzte Samstag stand in der Regensburger Altstadt ganz unter im Zeichen des Regenbogens. Nach mehr als zwei Jahren fand in Regensburg unter dem Motto \u201eSichtbarkeit schafft Sicherheit\u201c wieder ein Christopher Street Day statt, bei dem die Regensburger LSBTIQ*-Community auf die Anliegen und f\u00fcr die rechtliche Gleichstellung von Schwulen, Lesben, Bisexuellen, Trans- und Intergeschlechtlichen sowie queeren Menschen ein buntes und sichtbares Zeichen setzte.<\/p>\n\n\n\n<p>F\u00fcr die SPD-Stadtratsfraktion war die Teilnahme sowohl bei der Parade als auch beim anschlie\u00dfenden Stra\u00dfenfest nat\u00fcrlich selbstverst\u00e4ndlich. Fraktionsvorsitzender Dr. Thomas Burger vertrat als offizieller Vertreter der Stadt Regensburg die Schirmherrin des Regensburger CSDs, <a href=\"https:\/\/www.facebook.com\/oberbuergermeisterin.maltz.schwarzfischer\/?__cft__%5b0%5d=AZXhx0B-2Q-eBxtIKzheof86088s9cPvM2gTmJxuK9e2YcERdf0l0SWgiemaHMpcDNV6sxNHg6Luhhex1pUz1QmSEKQl43U5Ezfd2OmpGtVmbYRC4FqmpBUfOpna538z3P8D6lJeadM7pKCdZslhC_1spwhFDna3pWMhT3Y2noyKFy6zN9QdYNq04q0HBhGkSDw&amp;__tn__=kK-R\">Oberb\u00fcrgermeisterin Gertrud Maltz-Schwarzfischer<\/a>. Er betonte in seinem Gru\u00dfwort, dass \u201esich die Stadt Regensburg als Teil der Bewegung sieht&#8220; und fest an der Seite der queeren Community in Regensburg stehe. Diese k\u00f6nne immer mit der Unterst\u00fctzung und Solidarit\u00e4t der Stadt Regensburg rechnen.<\/p>\n\n\n\n<figure class=\"wp-block-image size-large is-resized\"><a href=\"https:\/\/spd-stadtrat.de\/wp-content\/uploads\/2022\/06\/CSD-2022-3.jpg\"><img loading=\"lazy\" src=\"https:\/\/spd-stadtrat.de\/wp-content\/uploads\/2022\/06\/CSD-2022-3-1024x1024.jpg\" alt=\"\" class=\"wp-image-5566\" width=\"499\" height=\"499\" srcset=\"https:\/\/spd-stadtrat.de\/wp-content\/uploads\/2022\/06\/CSD-2022-3-1024x1024.jpg 1024w, https:\/\/spd-stadtrat.de\/wp-content\/uploads\/2022\/06\/CSD-2022-3-300x300.jpg 300w, https:\/\/spd-stadtrat.de\/wp-content\/uploads\/2022\/06\/CSD-2022-3-150x150.jpg 150w, https:\/\/spd-stadtrat.de\/wp-content\/uploads\/2022\/06\/CSD-2022-3-768x768.jpg 768w, https:\/\/spd-stadtrat.de\/wp-content\/uploads\/2022\/06\/CSD-2022-3-270x270.jpg 270w, https:\/\/spd-stadtrat.de\/wp-content\/uploads\/2022\/06\/CSD-2022-3-230x230.jpg 230w, https:\/\/spd-stadtrat.de\/wp-content\/uploads\/2022\/06\/CSD-2022-3.jpg 1080w\" sizes=\"(max-width: 499px) 100vw, 499px\" \/><\/a><\/figure>\n\n\n\n<p>Unser Stadtrat Alexander Irmisch war einer der Hauptorganisator*innen des diesj\u00e4hrigen Regensburger CSDs. Er betonte in seinem Redebeitrag noch einmal, warum es angesichts neuerlicher \u00dcbergriffe gegen queere Menschen so wichtig sei, sichtbar zu sein. \u201eEs geh\u00f6rt dabei zu den fundamentalen Aufgaben des Staates und der Gesellschaft, daf\u00fcr Sorge zu tragen, dass Menschen unabh\u00e4ngig ihrer sexuellen Orientierung oder geschlechtlichen Identit\u00e4t sicher leben und lieben k\u00f6nnen.\u201c Unsere Oberb\u00fcrgermeisterin Gertrud Maltz-Schwarzfischer, die bei der Er\u00f6ffnung leider terminlich noch verhindert war, kam sp\u00e4ter noch auf den Haidplatz und mit Vertreter*innen der LSBTIQ*-Community ins Gespr\u00e4ch. Dabei informierte sich auch \u00fcber aktuelle Projekte und Anliegen der Regensburger LSBTIQ*-Initiativen und -Vereine<\/p>\n\n\n\n<p><\/p>\n","protected":false},"excerpt":{"rendered":"<p>Regensburg, 27.06.2022 Der letzte Samstag stand in der Regensburger Altstadt ganz unter im Zeichen des Regenbogens. Nach mehr als zwei Jahren fand in Regensburg unter dem Motto \u201eSichtbarkeit schafft Sicherheit\u201c wieder ein Christopher Street Day statt, bei dem die Regensburger<\/p>\n","protected":false},"author":6,"featured_media":5565,"comment_status":"closed","ping_status":"open","sticky":false,"template":"","format":"standard","meta":{"ngg_post_thumbnail":0},"categories":[1],"tags":[],"jetpack_featured_media_url":"https:\/\/spd-stadtrat.de\/wp-content\/uploads\/2022\/06\/CSD-2022-1.jpg","_links":{"self":[{"href":"https:\/\/spd-stadtrat.de\/index.php?rest_route=\/wp\/v2\/posts\/5564"}],"collection":[{"href":"https:\/\/spd-stadtrat.de\/index.php?rest_route=\/wp\/v2\/posts"}],"about":[{"href":"https:\/\/spd-stadtrat.de\/index.php?rest_route=\/wp\/v2\/types\/post"}],"author":[{"embeddable":true,"href":"https:\/\/spd-stadtrat.de\/index.php?rest_route=\/wp\/v2\/users\/6"}],"replies":[{"embeddable":true,"href":"https:\/\/spd-stadtrat.de\/index.php?rest_route=%2Fwp%2Fv2%2Fcomments&post=5564"}],"version-history":[{"count":2,"href":"https:\/\/spd-stadtrat.de\/index.php?rest_route=\/wp\/v2\/posts\/5564\/revisions"}],"predecessor-version":[{"id":5568,"href":"https:\/\/spd-stadtrat.de\/index.php?rest_route=\/wp\/v2\/posts\/5564\/revisions\/5568"}],"wp:featuredmedia":[{"embeddable":true,"href":"https:\/\/spd-stadtrat.de\/index.php?rest_route=\/wp\/v2\/media\/5565"}],"wp:attachment":[{"href":"https:\/\/spd-stadtrat.de\/index.php?rest_route=%2Fwp%2Fv2%2Fmedia&parent=5564"}],"wp:term":[{"taxonomy":"category","embeddable":true,"href":"https:\/\/spd-stadtrat.de\/index.php?rest_route=%2Fwp%2Fv2%2Fcategories&post=5564"},{"taxonomy":"post_tag","embeddable":true,"href":"https:\/\/spd-stadtrat.de\/index.php?rest_route=%2Fwp%2Fv2%2Ftags&post=5564"}],"curies":[{"name":"wp","href":"https:\/\/api.w.org\/{rel}","templated":true}]}}