{"id":5569,"date":"2022-06-30T06:59:00","date_gmt":"2022-06-30T04:59:00","guid":{"rendered":"https:\/\/spd-stadtrat.de\/?p=5569"},"modified":"2022-06-29T13:41:41","modified_gmt":"2022-06-29T11:41:41","slug":"regensburger-nachhaltigkeitswoche-2022","status":"publish","type":"post","link":"https:\/\/spd-stadtrat.de\/?p=5569","title":{"rendered":"Regensburger Nachhaltigkeitswoche 2022"},"content":{"rendered":"\n<p class=\"has-text-align-right\">Regensburg, 30.06.2022<\/p>\n\n\n\n<p>Am Montagabend er\u00f6ffnete Oberb\u00fcrgermeisterin im bis auf den letzten Platz gef\u00fcllten Degginger die Regensburger Nachhaltigkeitswoche. Mit \u00fcber 120 Veranstaltungen, die verteilt im gesamten Stadtgebiet stattfinden, soll noch bis zum 3. Juli 2022 das Thema \u201eNachhaltigkeit\u201c mit all seinen Aspekten ins Bewusstsein der Regensburger B\u00fcrger*innen geholt werden.<\/p>\n\n\n\n<figure class=\"wp-block-image size-large is-resized\"><a href=\"https:\/\/spd-stadtrat.de\/wp-content\/uploads\/2022\/06\/NH-2022-1.jpg\"><img loading=\"lazy\" src=\"https:\/\/spd-stadtrat.de\/wp-content\/uploads\/2022\/06\/NH-2022-1-750x1024.jpg\" alt=\"\" class=\"wp-image-5570\" width=\"270\" height=\"369\" srcset=\"https:\/\/spd-stadtrat.de\/wp-content\/uploads\/2022\/06\/NH-2022-1-750x1024.jpg 750w, https:\/\/spd-stadtrat.de\/wp-content\/uploads\/2022\/06\/NH-2022-1-220x300.jpg 220w, https:\/\/spd-stadtrat.de\/wp-content\/uploads\/2022\/06\/NH-2022-1-768x1048.jpg 768w, https:\/\/spd-stadtrat.de\/wp-content\/uploads\/2022\/06\/NH-2022-1.jpg 960w\" sizes=\"(max-width: 270px) 100vw, 270px\" \/><\/a><\/figure>\n\n\n\n<p>Bei der Auftaktveranstaltung wurden im Rahmen eines Science Slam wissenschaftliche Fakten zum Thema Nachhaltigkeit in humorvollen und interessanten Kurzpr\u00e4sentationen den Besucher*innen n\u00e4her gebracht. Gerade das Potential Regensburgs als Wissenschaftsstandort zeigte sich dabei einmal mehr.<\/p>\n\n\n\n<p>Auch unser Stadtrat Alexander Irmisch war vor Ort und zeigte sich von der Stimmung und dem Engagement der zumeist jungen Menschen begeistert.<\/p>\n\n\n\n<p>Weitere Infos zur Regensburger Nachhaltigkeitswoche gibt es unter: <a href=\"https:\/\/smex-ctp.trendmicro.com:443\/wis\/clicktime\/v1\/query?url=https%3a%2f%2fregensburger%2dnachhaltigkeitswoche.org&amp;umid=9e8df796-a515-4648-9774-e0da99c42ef9&amp;auth=d7edc3b0e6ebb759e5d3d0030c7a44b16ba3964a-d62337c09c301d1e5f09227c25d3a04c957853e9\">https:\/\/regensburger-nachhaltigkeitswoche.org<\/a><\/p>\n\n\n\n<div class=\"wp-block-image\"><figure class=\"aligncenter size-large\"><a href=\"https:\/\/spd-stadtrat.de\/wp-content\/uploads\/2022\/06\/NH-2022-3.jpg\"><img loading=\"lazy\" width=\"724\" height=\"1024\" src=\"https:\/\/spd-stadtrat.de\/wp-content\/uploads\/2022\/06\/NH-2022-3-724x1024.jpg\" alt=\"\" class=\"wp-image-5571\" srcset=\"https:\/\/spd-stadtrat.de\/wp-content\/uploads\/2022\/06\/NH-2022-3-724x1024.jpg 724w, https:\/\/spd-stadtrat.de\/wp-content\/uploads\/2022\/06\/NH-2022-3-212x300.jpg 212w, https:\/\/spd-stadtrat.de\/wp-content\/uploads\/2022\/06\/NH-2022-3-768x1086.jpg 768w, https:\/\/spd-stadtrat.de\/wp-content\/uploads\/2022\/06\/NH-2022-3.jpg 843w\" sizes=\"(max-width: 724px) 100vw, 724px\" \/><\/a><figcaption>Plakat: Stadt Regensburg &#8211; Nachhaltigkeitswoche 2022<\/figcaption><\/figure><\/div>\n","protected":false},"excerpt":{"rendered":"<p>Regensburg, 30.06.2022 Am Montagabend er\u00f6ffnete Oberb\u00fcrgermeisterin im bis auf den letzten Platz gef\u00fcllten Degginger die Regensburger Nachhaltigkeitswoche. Mit \u00fcber 120 Veranstaltungen, die verteilt im gesamten Stadtgebiet stattfinden, soll noch bis zum 3. Juli 2022 das Thema \u201eNachhaltigkeit\u201c mit all seinen<\/p>\n","protected":false},"author":6,"featured_media":5570,"comment_status":"closed","ping_status":"open","sticky":false,"template":"","format":"standard","meta":{"ngg_post_thumbnail":0},"categories":[1],"tags":[],"jetpack_featured_media_url":"https:\/\/spd-stadtrat.de\/wp-content\/uploads\/2022\/06\/NH-2022-1.jpg","_links":{"self":[{"href":"https:\/\/spd-stadtrat.de\/index.php?rest_route=\/wp\/v2\/posts\/5569"}],"collection":[{"href":"https:\/\/spd-stadtrat.de\/index.php?rest_route=\/wp\/v2\/posts"}],"about":[{"href":"https:\/\/spd-stadtrat.de\/index.php?rest_route=\/wp\/v2\/types\/post"}],"author":[{"embeddable":true,"href":"https:\/\/spd-stadtrat.de\/index.php?rest_route=\/wp\/v2\/users\/6"}],"replies":[{"embeddable":true,"href":"https:\/\/spd-stadtrat.de\/index.php?rest_route=%2Fwp%2Fv2%2Fcomments&post=5569"}],"version-history":[{"count":1,"href":"https:\/\/spd-stadtrat.de\/index.php?rest_route=\/wp\/v2\/posts\/5569\/revisions"}],"predecessor-version":[{"id":5572,"href":"https:\/\/spd-stadtrat.de\/index.php?rest_route=\/wp\/v2\/posts\/5569\/revisions\/5572"}],"wp:featuredmedia":[{"embeddable":true,"href":"https:\/\/spd-stadtrat.de\/index.php?rest_route=\/wp\/v2\/media\/5570"}],"wp:attachment":[{"href":"https:\/\/spd-stadtrat.de\/index.php?rest_route=%2Fwp%2Fv2%2Fmedia&parent=5569"}],"wp:term":[{"taxonomy":"category","embeddable":true,"href":"https:\/\/spd-stadtrat.de\/index.php?rest_route=%2Fwp%2Fv2%2Fcategories&post=5569"},{"taxonomy":"post_tag","embeddable":true,"href":"https:\/\/spd-stadtrat.de\/index.php?rest_route=%2Fwp%2Fv2%2Ftags&post=5569"}],"curies":[{"name":"wp","href":"https:\/\/api.w.org\/{rel}","templated":true}]}}