{"id":5694,"date":"2023-01-03T08:31:51","date_gmt":"2023-01-03T07:31:51","guid":{"rendered":"https:\/\/spd-stadtrat.de\/?p=5694"},"modified":"2023-01-11T10:00:47","modified_gmt":"2023-01-11T09:00:47","slug":"die-spd-stadtratsfraktion-trauert-um-stadtrat-a-d-hans-holler","status":"publish","type":"post","link":"https:\/\/spd-stadtrat.de\/?p=5694","title":{"rendered":"Die SPD-Stadtratsfraktion trauert um Stadtrat a.D.  Hans Holler"},"content":{"rendered":"\n<figure class=\"wp-block-image\"><img src=\"https:\/\/spd-stadtrat.de\/wp-content\/uploads\/2023\/01\/Bild_Hans_Holler_SW-150x150.jpg\" alt=\"\"\/><\/figure>\n\n\n\n<p> <br><strong>Nachruf: Im Gedenken an Stadtrat a.D. Hans Holler sen.<\/strong><\/p>\n\n\n\n<p>Wir mussten Abschied nehmen von unserem ehemaligen und langj\u00e4hrigen Fraktionsmitglied Hans Holler, der am 25.12.2022 im Alter von 87 Jahren von uns gegangen ist. Er hat von 1978 bis 2002 dem Stadtrat und unserer SPD-Fraktion angeh\u00f6rt. Auch wenn wir erst nach Hans Hollers Ausscheiden aus dem Stadtrat selbst in dieses Gremium eingezogen sind und ihn deshalb nicht direkt als Fraktionskollegen erlebt haben, so haben wir ihn dennoch zuvor auch w\u00e4hrend unserer eigenen Zeit im Stadtrat erlebt. Denn er war pr\u00e4sent, obwohl er sich nie in den Vordergrund gedr\u00e4ngt hat.<\/p>\n\n\n\n<p>Hans Holler hat sich auf seine bodenst\u00e4ndige und in der Bev\u00f6lkerung verwurzelten Art 24 Jahre lang mit Herzblut f\u00fcr die Menschen in unserer Stadt und insbesondere in Schwabelweis eingesetzt. Er verk\u00f6rperte einen Kommunal- und Stadtteilpolitiker, dem es einfach um die Sache, um die Menschen, um die Stadt, um den Stadtteil Schwabelweis ging. Deshalb stellt sein uneitles, sachbezogenes Wirken auch ein Vorbild f\u00fcr die Kommunalpolitik dar.<\/p>\n\n\n\n<p>Im Stadtteil Schwabelweis war er der \u201eheimliche B\u00fcrgermeister\u201c, quasi der rote B\u00fcrgermeister der Herzen, ein sozialdemokratisches Urgestein und Vollblut-Eisenbahner. 1960 kam er in den SPD-Ortsverein Schwabelweis, dem er parallel zu seiner Stadtratst\u00e4tigkeit ein Vierteljahrhundert von 1978 bis 2003 als Vorsitzender vorstand und dem er auch danach aufgrund seiner Verdienste als Ehrenvorsitzender eng verbunden blieb.<\/p>\n\n\n\n<p>F\u00fcr Hans Holler war seine Stadtratst\u00e4tigkeit nicht ein blo\u00dfes Amt, die T\u00e4tigkeit war ein gro\u00dfer Teil seines Lebens. So war er nicht nur Mitglied in mehreren Aussch\u00fcssen, Aufsichtsrat bei der Stadtlagerhaus GmbH und zw\u00f6lf Jahre lang bei den Regensburger Stadtwerken. Er sah und k\u00fcmmerte sich um die Anliegen der Menschen im Stadtteil Schwabelweis, aber auch in der ganzen Stadt Regensburg. Er interessierte sich f\u00fcr die Schicksale und N\u00f6te der Menschen in dieser Stadt.<\/p>\n\n\n\n<p>Hans Holler setzte sich beispielsweise mit sehr hohem Engagement f\u00fcr den Erhalt von Arbeitspl\u00e4tzen bei der Bahn oder bei Heyden-Chemie ein, f\u00fcr eine gute Zukunft f\u00fcr die Bewohnerinnen und Bewohner der Eisenbahnerwohnungen am Eisbuckel und f\u00fcr die Belange des Eisenbahner Sportvereins 1927. Als Stadtrat war er sich f\u00fcr keinen Termin zu schade, pflegte und lebte die Gemeinschaft in Vereinen und setzte sich stets f\u00fcr ein friedliches Miteinander ein. Das war ihm deutlich wichtiger als eine schnelle Schlagzeile. Er lebte die sozialdemokratischen Werte Freiheit, Gerechtigkeit und Solidarit\u00e4t, er war ein Sozialdemokrat durch und durch. Er war ein Mensch, dem es um die Menschen ging.<\/p>\n\n\n\n<p>Wir haben Hans Holler sehr viel zu verdanken. Er wird uns ein Vorbild bleiben.<\/p>\n\n\n\n<p>Lieber Hans, wir nahmen am Grab Abschied von Dir. Aber Du bleibst einer von uns, in Gedanken bleibst Du unter uns.<\/p>\n\n\n\n<p>Ruhe in Frieden.<\/p>\n\n\n\n<p><br><\/p>\n","protected":false},"excerpt":{"rendered":"<p>Nachruf: Im Gedenken an Stadtrat a.D. Hans Holler sen. Wir mussten Abschied nehmen von unserem ehemaligen und langj\u00e4hrigen Fraktionsmitglied Hans Holler, der am 25.12.2022 im Alter von 87 Jahren von uns gegangen ist. Er hat von 1978 bis 2002 dem<\/p>\n","protected":false},"author":3,"featured_media":5693,"comment_status":"closed","ping_status":"open","sticky":false,"template":"","format":"standard","meta":{"ngg_post_thumbnail":0},"categories":[1],"tags":[],"jetpack_featured_media_url":"https:\/\/spd-stadtrat.de\/wp-content\/uploads\/2023\/01\/Bild_Hans_Holler_SW.jpg","_links":{"self":[{"href":"https:\/\/spd-stadtrat.de\/index.php?rest_route=\/wp\/v2\/posts\/5694"}],"collection":[{"href":"https:\/\/spd-stadtrat.de\/index.php?rest_route=\/wp\/v2\/posts"}],"about":[{"href":"https:\/\/spd-stadtrat.de\/index.php?rest_route=\/wp\/v2\/types\/post"}],"author":[{"embeddable":true,"href":"https:\/\/spd-stadtrat.de\/index.php?rest_route=\/wp\/v2\/users\/3"}],"replies":[{"embeddable":true,"href":"https:\/\/spd-stadtrat.de\/index.php?rest_route=%2Fwp%2Fv2%2Fcomments&post=5694"}],"version-history":[{"count":3,"href":"https:\/\/spd-stadtrat.de\/index.php?rest_route=\/wp\/v2\/posts\/5694\/revisions"}],"predecessor-version":[{"id":5702,"href":"https:\/\/spd-stadtrat.de\/index.php?rest_route=\/wp\/v2\/posts\/5694\/revisions\/5702"}],"wp:featuredmedia":[{"embeddable":true,"href":"https:\/\/spd-stadtrat.de\/index.php?rest_route=\/wp\/v2\/media\/5693"}],"wp:attachment":[{"href":"https:\/\/spd-stadtrat.de\/index.php?rest_route=%2Fwp%2Fv2%2Fmedia&parent=5694"}],"wp:term":[{"taxonomy":"category","embeddable":true,"href":"https:\/\/spd-stadtrat.de\/index.php?rest_route=%2Fwp%2Fv2%2Fcategories&post=5694"},{"taxonomy":"post_tag","embeddable":true,"href":"https:\/\/spd-stadtrat.de\/index.php?rest_route=%2Fwp%2Fv2%2Ftags&post=5694"}],"curies":[{"name":"wp","href":"https:\/\/api.w.org\/{rel}","templated":true}]}}