{"id":5718,"date":"2023-02-06T12:20:22","date_gmt":"2023-02-06T11:20:22","guid":{"rendered":"https:\/\/spd-stadtrat.de\/?p=5718"},"modified":"2023-02-08T08:21:33","modified_gmt":"2023-02-08T07:21:33","slug":"geplantes-jugendleistungszentrum-des-ssv-jahn-im-landkreis-statement-des-fraktionsvorsitzenden-dr-thomas-burger","status":"publish","type":"post","link":"https:\/\/spd-stadtrat.de\/?p=5718","title":{"rendered":"Geplantes Nachwuchsleistungszentrum des SSV Jahn im Landkreis: Statement des Fraktionsvorsitzenden Dr. Thomas Burger"},"content":{"rendered":"\n<p><\/p>\n\n\n\n<figure class=\"wp-block-image size-full\"><a href=\"https:\/\/spd-stadtrat.de\/wp-content\/uploads\/2023\/02\/2020-Burger-150x150-1-150x150-1-150x150-1.jpg\"><img loading=\"lazy\" width=\"150\" height=\"150\" src=\"https:\/\/spd-stadtrat.de\/wp-content\/uploads\/2023\/02\/2020-Burger-150x150-1-150x150-1-150x150-1.jpg\" alt=\"\" class=\"wp-image-5719\"\/><\/a><\/figure>\n\n\n\n<p><strong>&#8222;Ich begr\u00fc\u00dfe sehr, dass es nun einen klaren Blick f\u00fcr die Realisierung des Nachwuchsleistungszentrums gibt. Eine Ansiedlung im Landkreis halte ich f\u00fcr sinnvoll. Ich selbst habe dies auch in der Vergangenheit bereits als Vorschlag zur Entzerrung der r\u00e4umlichen Situation im Kaulbachweg in entsprechende Diskussionen eingebracht, da st\u00e4dtische Fl\u00e4chen dramatisch knapp werden. Wir m\u00fcssen in Zukunft noch mehr regional denken, im Sinne einer Metropolregion Regensburg. Sich als Einheit begreifen und gemeinsam handeln, das muss die Grundlage unseres kommunalen Denkens und Handelns sein. Das f\u00e4ngt beim gemeinsamen Marketing an und muss sich letztendlich in der Umsetzung von konkreten Ma\u00dfnahmen niederschlagen.<\/strong><\/p>\n\n\n\n<p><strong>Die Stadt unterst\u00fctzt den Jahn bereits seit vielen Jahren sehr umfangreich \u2013 unter anderem durch die Verf\u00fcgbarkeit einer modernen Fu\u00dfballarena und \u00fcber Sponsoring von st\u00e4dtischen Beteiligungen. Ich bin zudem unserer Oberb\u00fcrgermeisterin, dem Wirtschaftsreferenten und allen Beteiligten der Verwaltung sehr dankbar f\u00fcr ihren Einsatz im Sinne einer erfolgreichen Entwicklung des Jahn Regensburg. Wir haben vieles mit \u00fcberregionaler Strahlkraft in Regensburg zu bieten, der Jahn ist hier ein wichtiger Teil davon.&#8220;<\/strong><\/p>\n","protected":false},"excerpt":{"rendered":"<p>&#8222;Ich begr\u00fc\u00dfe sehr, dass es nun einen klaren Blick f\u00fcr die Realisierung des Nachwuchsleistungszentrums gibt. Eine Ansiedlung im Landkreis halte ich f\u00fcr sinnvoll. Ich selbst habe dies auch in der Vergangenheit bereits als Vorschlag zur Entzerrung der r\u00e4umlichen Situation im<\/p>\n","protected":false},"author":3,"featured_media":0,"comment_status":"closed","ping_status":"open","sticky":false,"template":"","format":"standard","meta":{"ngg_post_thumbnail":0},"categories":[1],"tags":[],"jetpack_featured_media_url":"","_links":{"self":[{"href":"https:\/\/spd-stadtrat.de\/index.php?rest_route=\/wp\/v2\/posts\/5718"}],"collection":[{"href":"https:\/\/spd-stadtrat.de\/index.php?rest_route=\/wp\/v2\/posts"}],"about":[{"href":"https:\/\/spd-stadtrat.de\/index.php?rest_route=\/wp\/v2\/types\/post"}],"author":[{"embeddable":true,"href":"https:\/\/spd-stadtrat.de\/index.php?rest_route=\/wp\/v2\/users\/3"}],"replies":[{"embeddable":true,"href":"https:\/\/spd-stadtrat.de\/index.php?rest_route=%2Fwp%2Fv2%2Fcomments&post=5718"}],"version-history":[{"count":2,"href":"https:\/\/spd-stadtrat.de\/index.php?rest_route=\/wp\/v2\/posts\/5718\/revisions"}],"predecessor-version":[{"id":5722,"href":"https:\/\/spd-stadtrat.de\/index.php?rest_route=\/wp\/v2\/posts\/5718\/revisions\/5722"}],"wp:attachment":[{"href":"https:\/\/spd-stadtrat.de\/index.php?rest_route=%2Fwp%2Fv2%2Fmedia&parent=5718"}],"wp:term":[{"taxonomy":"category","embeddable":true,"href":"https:\/\/spd-stadtrat.de\/index.php?rest_route=%2Fwp%2Fv2%2Fcategories&post=5718"},{"taxonomy":"post_tag","embeddable":true,"href":"https:\/\/spd-stadtrat.de\/index.php?rest_route=%2Fwp%2Fv2%2Ftags&post=5718"}],"curies":[{"name":"wp","href":"https:\/\/api.w.org\/{rel}","templated":true}]}}