{"id":5725,"date":"2023-02-08T13:34:48","date_gmt":"2023-02-08T12:34:48","guid":{"rendered":"https:\/\/spd-stadtrat.de\/?p=5725"},"modified":"2023-02-08T13:34:49","modified_gmt":"2023-02-08T12:34:49","slug":"spd-stadtratsfraktion-begruesst-silvia-gross-als-neue-fraktionsgeschaeftsfuehrerin","status":"publish","type":"post","link":"https:\/\/spd-stadtrat.de\/?p=5725","title":{"rendered":"SPD-Stadtratsfraktion begr\u00fc\u00dft Silvia Gross als neue Fraktionsgesch\u00e4ftsf\u00fchrerin"},"content":{"rendered":"\n<p><\/p>\n\n\n\n<figure class=\"wp-block-image size-full\"><a href=\"https:\/\/spd-stadtrat.de\/wp-content\/uploads\/2023\/02\/Silvia-Gross-2_Begruessung-Fraktion_06.02.2023-150x150-1.jpg\"><img loading=\"lazy\" width=\"150\" height=\"150\" src=\"https:\/\/spd-stadtrat.de\/wp-content\/uploads\/2023\/02\/Silvia-Gross-2_Begruessung-Fraktion_06.02.2023-150x150-1.jpg\" alt=\"\" class=\"wp-image-5727\"\/><\/a><\/figure>\n\n\n\n<p><\/p>\n\n\n\n<p>Anl\u00e4sslich der gestrigen Fraktionssitzung begr\u00fc\u00dfte der Vorsitzende der SPD-Stadtratsfraktion, Dr. Thomas Burger, Silvia Gross als neue Fraktionsgesch\u00e4ftsf\u00fchrerin im Namen aller SPD-Stadtr\u00e4te sowie der ebenfalls anwesenden SPD-Oberb\u00fcrgermeisterin Gertrud Maltz-Schwarzfischer.<\/p>\n\n\n\n<p>\u201eMit Silvia Gross gewinnen wir eine engagierte, dynamische und erfahrene Mitarbeiterin f\u00fcr unsere Stadtratsfraktion, die die Abl\u00e4ufe der Stadtverwaltung bereits sehr gut kennt. Neben den st\u00e4dtischen Verwaltungsaufgaben wird sie als Journalistin unsere Presse- und \u00d6ffentlichkeitsarbeit ausbauen. Ich freue mich auf ihre Impulse und setze auf ihre Kompetenz&#8220;, so Burger. Auch Maltz-Schwarzfischer zeigte sich erfreut \u00fcber den personellen Neustart und w\u00fcnschte der neuen Fraktionsgesch\u00e4ftsf\u00fchrerin eine gl\u00fcckliche Hand und viel Freude bei den anstehenden Aufgaben. &#8222;Frau Gross wird dar\u00fcber hinaus als Schnittstelle agieren zwischen Stadtr\u00e4ten, Stadtverwaltung und B\u00fcrgern, die sich mit ihren Anliegen gerne jederzeit an unsere Fraktionsgesch\u00e4ftsstelle wenden k\u00f6nnen&#8220;, pr\u00e4zisiert Fraktionschef Burger die Aufgaben der neuen Gesch\u00e4ftsf\u00fchrerin.<\/p>\n\n\n\n<p>Gross, die Diplom-Theologin und Redakteurin ist, war bereits von 2006 bis 2019 bei der Stadtverwaltung t\u00e4tig; zun\u00e4chst als Projektleiterin der st\u00e4dtischen Pressestelle f\u00fcr die Vorbereitung des Besuchs von Papst Benedikt XVI., dann als st\u00e4dtische Gesch\u00e4ftsf\u00fchrerin der CSU-Fraktion im Stadtrat. Zwischenzeitlich folgte sie der Anfrage von Regensburgs MdL Kerstin Radler als deren Pers\u00f6nliche Referentin und sammelte dort Erfahrungen hinsichtlich des Bayerischen Landtags. Mit der R\u00fcckkehr zur Stadtverwaltung schlie\u00dft sich nun der Kreis. &#8222;Ich kenne sowohl die Fraktionsarbeit als auch die Akteure der Verwaltung und freue mich auf dieses mir bekannte Arbeitsfeld, um in meinem Bereich etwas f\u00fcr Regensburg zu tun. Der herzliche Empfang seitens der Fraktion motiviert mich noch mehr&#8220;, so Gross abschlie\u00dfend.<\/p>\n\n\n\n<p>Die SPD-Fraktionsgesch\u00e4ftsstelle ist f\u00fcr B\u00fcrgeranfragen erreichbar unter 507-1062\/-1063 oder per E-Mail unter <a href=\"mailto:spd_stadtrat@regensburg.de\">spd_stadtrat@regensburg.de<\/a><\/p>\n\n\n\n<p>Foto: Raphael Birnstiel<\/p>\n\n\n\n<p>Von links: Stadtr\u00e4tin Evelyn Kolbe-Stockert, Oberb\u00fcrgermeisterin Gertrud Maltz-Schwarzfischer, Fraktionsgesch\u00e4ftsf\u00fchrerin Silvia Gross, Fraktionsvorsitzender Dr. Thomas Burger, Stadtr\u00e4tin Elisabeth Christoph, Stadtrat Alexander Irmisch beim \u00dcberreichen des Blumenstrau\u00dfes<\/p>\n","protected":false},"excerpt":{"rendered":"<p>Anl\u00e4sslich der gestrigen Fraktionssitzung begr\u00fc\u00dfte der Vorsitzende der SPD-Stadtratsfraktion, Dr. Thomas Burger, Silvia Gross als neue Fraktionsgesch\u00e4ftsf\u00fchrerin im Namen aller SPD-Stadtr\u00e4te sowie der ebenfalls anwesenden SPD-Oberb\u00fcrgermeisterin Gertrud Maltz-Schwarzfischer. \u201eMit Silvia Gross gewinnen wir eine engagierte, dynamische und erfahrene Mitarbeiterin f\u00fcr<\/p>\n","protected":false},"author":3,"featured_media":5726,"comment_status":"closed","ping_status":"open","sticky":false,"template":"","format":"standard","meta":{"ngg_post_thumbnail":0},"categories":[1],"tags":[],"jetpack_featured_media_url":"https:\/\/spd-stadtrat.de\/wp-content\/uploads\/2023\/02\/Silvia-Gross-2_Begruessung-Fraktion_06.02.2023.jpg","_links":{"self":[{"href":"https:\/\/spd-stadtrat.de\/index.php?rest_route=\/wp\/v2\/posts\/5725"}],"collection":[{"href":"https:\/\/spd-stadtrat.de\/index.php?rest_route=\/wp\/v2\/posts"}],"about":[{"href":"https:\/\/spd-stadtrat.de\/index.php?rest_route=\/wp\/v2\/types\/post"}],"author":[{"embeddable":true,"href":"https:\/\/spd-stadtrat.de\/index.php?rest_route=\/wp\/v2\/users\/3"}],"replies":[{"embeddable":true,"href":"https:\/\/spd-stadtrat.de\/index.php?rest_route=%2Fwp%2Fv2%2Fcomments&post=5725"}],"version-history":[{"count":1,"href":"https:\/\/spd-stadtrat.de\/index.php?rest_route=\/wp\/v2\/posts\/5725\/revisions"}],"predecessor-version":[{"id":5728,"href":"https:\/\/spd-stadtrat.de\/index.php?rest_route=\/wp\/v2\/posts\/5725\/revisions\/5728"}],"wp:featuredmedia":[{"embeddable":true,"href":"https:\/\/spd-stadtrat.de\/index.php?rest_route=\/wp\/v2\/media\/5726"}],"wp:attachment":[{"href":"https:\/\/spd-stadtrat.de\/index.php?rest_route=%2Fwp%2Fv2%2Fmedia&parent=5725"}],"wp:term":[{"taxonomy":"category","embeddable":true,"href":"https:\/\/spd-stadtrat.de\/index.php?rest_route=%2Fwp%2Fv2%2Fcategories&post=5725"},{"taxonomy":"post_tag","embeddable":true,"href":"https:\/\/spd-stadtrat.de\/index.php?rest_route=%2Fwp%2Fv2%2Ftags&post=5725"}],"curies":[{"name":"wp","href":"https:\/\/api.w.org\/{rel}","templated":true}]}}