{"id":5731,"date":"2023-02-13T11:01:57","date_gmt":"2023-02-13T10:01:57","guid":{"rendered":"https:\/\/spd-stadtrat.de\/?p=5731"},"modified":"2023-02-15T09:36:29","modified_gmt":"2023-02-15T08:36:29","slug":"5731","status":"publish","type":"post","link":"https:\/\/spd-stadtrat.de\/?p=5731","title":{"rendered":"Bayerisches Staatstheater Regensburg im Kommen: SPD-Fraktion erfreut \u00fcber Signale aus M\u00fcnchen"},"content":{"rendered":"\n<figure class=\"wp-block-image size-full\"><a href=\"https:\/\/spd-stadtrat.de\/wp-content\/uploads\/2023\/02\/SPD-Fraktion-vor-dem-Regensburger-Stadttheater_PM-Staatstheater_10.02.2023-150x150-1.jpg\"><img loading=\"lazy\" width=\"150\" height=\"150\" src=\"https:\/\/spd-stadtrat.de\/wp-content\/uploads\/2023\/02\/SPD-Fraktion-vor-dem-Regensburger-Stadttheater_PM-Staatstheater_10.02.2023-150x150-1.jpg\" alt=\"\" class=\"wp-image-5733\"\/><\/a><\/figure>\n\n\n\n<p><\/p>\n\n\n\n<p>Die SPD-Stadtratsfraktion reagiert erfreut, dass nach jetzigem Kenntnisstand das Stadttheater Regensburg in den Rang eines Bayerischen Staatstheaters aufsteigen wird. &#8222;Unser Theater leistet eine hervorragende Kulturarbeit, das Spartenangebot ist fantastisch und Regensburg ein frequentierter Theaterstandort&#8220;, skizziert SPD-Fraktionsvorsitzender Dr. Thomas Burger die Lage des bislang kommunalen Theaterbetriebs. Daher sei ein Bayerisches Staatstheater Regensburg, wie es solche in den Nachbarmetropolen N\u00fcrnberg und Augsburg bereits gebe, sehr zu begr\u00fc\u00dfen, so Burger weiter.<\/p>\n\n\n\n<p>Es gab bereits seit l\u00e4ngerem gemeinsame Bem\u00fchungen seitens der Regensburger SPD-Oberb\u00fcrgermeisterin Gertrud Maltz-Schwarzfischer und des Theatervorstands, das Haus am Bismarckplatz zum Staatstheater auf bayerischer Landesebene erkl\u00e4ren zu lassen. Dass diese Aussicht nun in greifbare N\u00e4he ger\u00fcckt ist, freut auch SPD-Stadtrat Alexander Irmisch als kulturpolitischen Sprecher, sowie seine Fraktionskolleginnen Elisabeth Christoph (Mitglied im Verwaltungsrat des Theaters) und Evelyn Kolbe-Stockert (Mitglied im Kulturausschuss). &#8222;Es w\u00e4re gro\u00dfartig f\u00fcr Regensburg, wenn sich dieses Vorhaben zeitnah realisieren lie\u00dfe&#8220;, sind sich die SPD-Kulturpolitikerinnen und -Kulturpolitiker darin auch mit Regensburgs Oberb\u00fcrgermeisterin einig.<\/p>\n\n\n\n<p>Foto: Silvia Gross<\/p>\n\n\n\n<p>Bildunterschrift: Die SPD-Kulturpolitiker freuen sich gemeinsam mit Oberb\u00fcrgermeisterin Gertrud Maltz-Schwarzfischer und Fraktionsvorsitzendem Dr. Thomas Burger auf das Bayerische Staatstheater Regensburg in spe.<\/p>\n\n\n\n<p>Von links: Stadtrat Alexander Irmisch (kulturpolitischer Sprecher), Stadtr\u00e4tin Evelyn Kolbe-Stockert (Mitglied im Kulturausschuss), Oberb\u00fcrgermeisterin Gertrud Maltz-Schwarzfischer, Stadtr\u00e4tin Elisabeth Christoph (Mitglied im Verwaltungsrat des Theaters), Fraktionsvorsitzender Dr. Thomas Burger<\/p>\n","protected":false},"excerpt":{"rendered":"<p>Die SPD-Stadtratsfraktion reagiert erfreut, dass nach jetzigem Kenntnisstand das Stadttheater Regensburg in den Rang eines Bayerischen Staatstheaters aufsteigen wird. &#8222;Unser Theater leistet eine hervorragende Kulturarbeit, das Spartenangebot ist fantastisch und Regensburg ein frequentierter Theaterstandort&#8220;, skizziert SPD-Fraktionsvorsitzender Dr. Thomas Burger die<\/p>\n","protected":false},"author":3,"featured_media":5732,"comment_status":"closed","ping_status":"open","sticky":false,"template":"","format":"standard","meta":{"ngg_post_thumbnail":0},"categories":[1],"tags":[],"jetpack_featured_media_url":"https:\/\/spd-stadtrat.de\/wp-content\/uploads\/2023\/02\/SPD-Fraktion-vor-dem-Regensburger-Stadttheater_PM-Staatstheater_10.02.2023.jpg","_links":{"self":[{"href":"https:\/\/spd-stadtrat.de\/index.php?rest_route=\/wp\/v2\/posts\/5731"}],"collection":[{"href":"https:\/\/spd-stadtrat.de\/index.php?rest_route=\/wp\/v2\/posts"}],"about":[{"href":"https:\/\/spd-stadtrat.de\/index.php?rest_route=\/wp\/v2\/types\/post"}],"author":[{"embeddable":true,"href":"https:\/\/spd-stadtrat.de\/index.php?rest_route=\/wp\/v2\/users\/3"}],"replies":[{"embeddable":true,"href":"https:\/\/spd-stadtrat.de\/index.php?rest_route=%2Fwp%2Fv2%2Fcomments&post=5731"}],"version-history":[{"count":2,"href":"https:\/\/spd-stadtrat.de\/index.php?rest_route=\/wp\/v2\/posts\/5731\/revisions"}],"predecessor-version":[{"id":5739,"href":"https:\/\/spd-stadtrat.de\/index.php?rest_route=\/wp\/v2\/posts\/5731\/revisions\/5739"}],"wp:featuredmedia":[{"embeddable":true,"href":"https:\/\/spd-stadtrat.de\/index.php?rest_route=\/wp\/v2\/media\/5732"}],"wp:attachment":[{"href":"https:\/\/spd-stadtrat.de\/index.php?rest_route=%2Fwp%2Fv2%2Fmedia&parent=5731"}],"wp:term":[{"taxonomy":"category","embeddable":true,"href":"https:\/\/spd-stadtrat.de\/index.php?rest_route=%2Fwp%2Fv2%2Fcategories&post=5731"},{"taxonomy":"post_tag","embeddable":true,"href":"https:\/\/spd-stadtrat.de\/index.php?rest_route=%2Fwp%2Fv2%2Ftags&post=5731"}],"curies":[{"name":"wp","href":"https:\/\/api.w.org\/{rel}","templated":true}]}}