{"id":5750,"date":"2023-02-20T10:12:04","date_gmt":"2023-02-20T09:12:04","guid":{"rendered":"https:\/\/spd-stadtrat.de\/?p=5750"},"modified":"2023-02-20T10:12:05","modified_gmt":"2023-02-20T09:12:05","slug":"spd-fraktion-lobt-angebotsoptimierung-im-oeffentlichen-personennahverkehr-und-die-anbindung-des-kunstpark-areals","status":"publish","type":"post","link":"https:\/\/spd-stadtrat.de\/?p=5750","title":{"rendered":"SPD-Fraktion lobt Angebotsoptimierung im \u00d6ffentlichen Personennahverkehr und die Anbindung des Kunstpark-Areals"},"content":{"rendered":"\n<figure class=\"wp-block-image size-full\"><a href=\"https:\/\/spd-stadtrat.de\/wp-content\/uploads\/2023\/02\/Linienverlauf-Linie-8-und-18-150x150-1.jpg\"><img loading=\"lazy\" width=\"150\" height=\"150\" src=\"https:\/\/spd-stadtrat.de\/wp-content\/uploads\/2023\/02\/Linienverlauf-Linie-8-und-18-150x150-1.jpg\" alt=\"\" class=\"wp-image-5752\"\/><\/a><\/figure>\n\n\n\n<p><\/p>\n\n\n\n<p>Die SPD-Stadtratsfraktion zeigt sich erfreut dar\u00fcber, dass diese Woche im Planungsausschuss der Stadt Regensburg Angebotsoptimierungen des \u00d6PNV auf den Weg gebracht werden. Dr. Klaus Rappert, SPD-Vertreter im Planungsausschuss, sieht die geplanten Verbesserungsma\u00dfnahmen der Buslinie 8\/18 als notwendig an. \u201eWir m\u00fcssen alles tun, um den \u00d6PNV attraktiver zu gestalten, so dass die B\u00fcrgerinnen und B\u00fcrger einen erh\u00f6hten Nutzen dadurch erfahren; dies ist durch die vorliegenden Planungen gegeben\u201c, so Rappert zu der anstehenden Ma\u00dfnahme.<\/p>\n\n\n\n<p>Sowohl durch die baldige Fertigstellung des westlichen D\u00f6rnberg-Viertels als auch aufgrund der Studentenwohnheime in der Fritz-Fend- und Kumpfm\u00fchler Stra\u00dfe werde es dort zu einem erh\u00f6hten \u00d6PNV-Bedarf kommen, den die derzeitige mit EMIL-Midibussen betriebene Linie nicht mehr abdecken k\u00f6nne; \u00fcberf\u00fcllte Busse seien bereits jetzt ein h\u00e4ufiges Problem. Daher seien Ausbauma\u00dfnahmen sowohl hinsichtlich des Linienwegs als auch der Taktfrequenz notwendig, so Rappert. K\u00fcnftig solle werktags und samstags auf der Linie 8\/18 ein tagesdurchg\u00e4ngiger 20-Minuten-Takt angeboten werden.<\/p>\n\n\n\n<p>\u201eDer weitere Ausbau der durchgehenden Linie von der Universit\u00e4t \u00fcber Ziegetsdorf\/K\u00f6nigswiesen-S\u00fcd, D\u00f6rnberg-Viertel, Hauptbahnhof, Weichs-DEZ, Gewerbepark bis hin nach Gr\u00fcnthal ist ein gro\u00dfer Gewinn f\u00fcr den \u00d6PNV\u201c, freut sich SPD-Fraktionsvorsitzender Dr. Thomas Burger \u00fcber die Neuerungen. Seit dem Ersatz der Linie 8 durch die Linie 7 in Ziegetsdorf\/K\u00f6nigswiesen-S\u00fcd und dem dort verbundenen Wegfall einer direkten Verbindung zum Norden setzte sich Burger f\u00fcr die Wiedereinf\u00fchrung der umsteigefreien Direktverbindung ein. Im April 2022 seien schlie\u00dflich die ersten umsteigefreien Verbindungen wieder aufgenommen worden. \u201eNun wird dieses Angebot durch eine weitere Harmonisierung der Linien 8 und 18 deutlich ausgebaut\u201c, hebt Burger hervor.<\/p>\n\n\n\n<p>\u201eDes Weiteren ist auch die geplante Verbesserung der Anbindung des Kunstpark-Areals sehr positiv zu werten\u201c, so Betreuungsstadtr\u00e4tin Evelyn Kolbe-Stockert. Der derzeitige Fu\u00dfweg von 600 Metern werde dann auf die im Regensburger Nahverkehrsplan festgelegten maximalen 300 Meter nutzerfreundlich ver\u00e4ndert. Die derzeitige Anbindung erfolge ausschlie\u00dflich \u00fcber die Safferlingstra\u00dfe. Die neue Linie hingegen soll t\u00e4glich, au\u00dfer an Sonn- und Feiertagen, am Hauptbahnhof starten und Richtung Kunst-Areal \u00fcber die Galgenbergbr\u00fccke Richtung S\u00fcden, die Furtmayrstra\u00dfe sowie die Safferling- und Guerickestra\u00dfe verlaufen; die R\u00fcckfahrt erfolgt auf demselben Linienweg. EMIL-Midibusse werden diese Strecke befahren. Die Umsetzung beider Ma\u00dfnahmen werde voraussichtlich im April 2023 erfolgen.<\/p>\n\n\n\n<p>Fotoquelle f\u00fcr Linienverlauf Linie 8 und 18: das Stadtwerk.Mobilit\u00e4t<\/p>\n","protected":false},"excerpt":{"rendered":"<p>Die SPD-Stadtratsfraktion zeigt sich erfreut dar\u00fcber, dass diese Woche im Planungsausschuss der Stadt Regensburg Angebotsoptimierungen des \u00d6PNV auf den Weg gebracht werden. Dr. Klaus Rappert, SPD-Vertreter im Planungsausschuss, sieht die geplanten Verbesserungsma\u00dfnahmen der Buslinie 8\/18 als notwendig an. \u201eWir m\u00fcssen<\/p>\n","protected":false},"author":3,"featured_media":0,"comment_status":"closed","ping_status":"open","sticky":false,"template":"","format":"standard","meta":{"ngg_post_thumbnail":0},"categories":[1],"tags":[],"jetpack_featured_media_url":"","_links":{"self":[{"href":"https:\/\/spd-stadtrat.de\/index.php?rest_route=\/wp\/v2\/posts\/5750"}],"collection":[{"href":"https:\/\/spd-stadtrat.de\/index.php?rest_route=\/wp\/v2\/posts"}],"about":[{"href":"https:\/\/spd-stadtrat.de\/index.php?rest_route=\/wp\/v2\/types\/post"}],"author":[{"embeddable":true,"href":"https:\/\/spd-stadtrat.de\/index.php?rest_route=\/wp\/v2\/users\/3"}],"replies":[{"embeddable":true,"href":"https:\/\/spd-stadtrat.de\/index.php?rest_route=%2Fwp%2Fv2%2Fcomments&post=5750"}],"version-history":[{"count":1,"href":"https:\/\/spd-stadtrat.de\/index.php?rest_route=\/wp\/v2\/posts\/5750\/revisions"}],"predecessor-version":[{"id":5753,"href":"https:\/\/spd-stadtrat.de\/index.php?rest_route=\/wp\/v2\/posts\/5750\/revisions\/5753"}],"wp:attachment":[{"href":"https:\/\/spd-stadtrat.de\/index.php?rest_route=%2Fwp%2Fv2%2Fmedia&parent=5750"}],"wp:term":[{"taxonomy":"category","embeddable":true,"href":"https:\/\/spd-stadtrat.de\/index.php?rest_route=%2Fwp%2Fv2%2Fcategories&post=5750"},{"taxonomy":"post_tag","embeddable":true,"href":"https:\/\/spd-stadtrat.de\/index.php?rest_route=%2Fwp%2Fv2%2Ftags&post=5750"}],"curies":[{"name":"wp","href":"https:\/\/api.w.org\/{rel}","templated":true}]}}