{"id":5754,"date":"2023-02-20T12:09:11","date_gmt":"2023-02-20T11:09:11","guid":{"rendered":"https:\/\/spd-stadtrat.de\/?p=5754"},"modified":"2023-02-20T12:27:03","modified_gmt":"2023-02-20T11:27:03","slug":"solidaritaet-durch-gemeinschaft-mitglieder-der-spd-fraktion-treffen-unterstuetzer-von-space-eye","status":"publish","type":"post","link":"https:\/\/spd-stadtrat.de\/?p=5754","title":{"rendered":"Solidarit\u00e4t durch Gemeinschaft \u2013 Mitglieder der SPD-Fraktion treffen Unterst\u00fctzer von Space-Eye"},"content":{"rendered":"\n<p><\/p>\n\n\n\n<figure class=\"wp-block-image size-full\"><a href=\"https:\/\/spd-stadtrat.de\/wp-content\/uploads\/2023\/02\/Wohnzimmerkonzert_Buschheuer-17.2.23-150x150-1-150x150-1.jpg\"><img loading=\"lazy\" width=\"150\" height=\"150\" src=\"https:\/\/spd-stadtrat.de\/wp-content\/uploads\/2023\/02\/Wohnzimmerkonzert_Buschheuer-17.2.23-150x150-1-150x150-1.jpg\" alt=\"\" class=\"wp-image-5761\"\/><\/a><\/figure>\n\n\n\n<p>Anl\u00e4sslich eines Konzerts in kleinem Rahmen konnten Mitglieder der SPD-Fraktion gute Kontakte zu Unterst\u00fctzer*innen von Space-Eye kn\u00fcpfen. \u201eSo viel positive Energie, tolle Gespr\u00e4chen, mitrei\u00dfende Musik &#8211; und viele Menschen, die sich f\u00fcr L\u00f6sungen interessieren und nicht bevorzugt nach Problemen suchen\u201c, res\u00fcmiert SPD-Fraktionschef Dr. Thomas Burger den musikalischen Abend bei Space-Eye-Gr\u00fcnder Michael Buschheuer. Ebenfalls anwesend waren SPD-Oberb\u00fcrgermeisterin Gertrud Maltz-Schwarzfischer und SPD-Fraktionsgesch\u00e4ftsf\u00fchrerin Silvia Gross; alle unterst\u00fctzen bereits seit l\u00e4ngerem die vielf\u00e4ltige humanit\u00e4re Arbeit von Space-Eye. Besonders beeindruckt zeigten sie sich bei dieser Gelegenheit von den Aktivit\u00e4ten von Sr. Barbara Silberhorn, Arme Schulschwester aus Stadtamhof, die sich mit viel Herzblut sei Jahren um Gefl\u00fcchtete aus Eritrea k\u00fcmmert. \u201eEs tut gut, mit solchen Menschen zusammen zu kommen, die sich mit Freude und langem Atem f\u00fcr Menschen und das Gemeinwohl einsetzen\u201c, so Burger.<\/p>\n\n\n\n<p>Foto: Silvia Gross<\/p>\n\n\n\n<p><br><br><\/p>\n","protected":false},"excerpt":{"rendered":"<p>Anl\u00e4sslich eines Konzerts in kleinem Rahmen konnten Mitglieder der SPD-Fraktion gute Kontakte zu Unterst\u00fctzer*innen von Space-Eye kn\u00fcpfen. \u201eSo viel positive Energie, tolle Gespr\u00e4chen, mitrei\u00dfende Musik &#8211; und viele Menschen, die sich f\u00fcr L\u00f6sungen interessieren und nicht bevorzugt nach Problemen suchen\u201c,<\/p>\n","protected":false},"author":3,"featured_media":0,"comment_status":"closed","ping_status":"open","sticky":false,"template":"","format":"standard","meta":{"ngg_post_thumbnail":0},"categories":[1],"tags":[],"jetpack_featured_media_url":"","_links":{"self":[{"href":"https:\/\/spd-stadtrat.de\/index.php?rest_route=\/wp\/v2\/posts\/5754"}],"collection":[{"href":"https:\/\/spd-stadtrat.de\/index.php?rest_route=\/wp\/v2\/posts"}],"about":[{"href":"https:\/\/spd-stadtrat.de\/index.php?rest_route=\/wp\/v2\/types\/post"}],"author":[{"embeddable":true,"href":"https:\/\/spd-stadtrat.de\/index.php?rest_route=\/wp\/v2\/users\/3"}],"replies":[{"embeddable":true,"href":"https:\/\/spd-stadtrat.de\/index.php?rest_route=%2Fwp%2Fv2%2Fcomments&post=5754"}],"version-history":[{"count":3,"href":"https:\/\/spd-stadtrat.de\/index.php?rest_route=\/wp\/v2\/posts\/5754\/revisions"}],"predecessor-version":[{"id":5762,"href":"https:\/\/spd-stadtrat.de\/index.php?rest_route=\/wp\/v2\/posts\/5754\/revisions\/5762"}],"wp:attachment":[{"href":"https:\/\/spd-stadtrat.de\/index.php?rest_route=%2Fwp%2Fv2%2Fmedia&parent=5754"}],"wp:term":[{"taxonomy":"category","embeddable":true,"href":"https:\/\/spd-stadtrat.de\/index.php?rest_route=%2Fwp%2Fv2%2Fcategories&post=5754"},{"taxonomy":"post_tag","embeddable":true,"href":"https:\/\/spd-stadtrat.de\/index.php?rest_route=%2Fwp%2Fv2%2Ftags&post=5754"}],"curies":[{"name":"wp","href":"https:\/\/api.w.org\/{rel}","templated":true}]}}