{"id":5774,"date":"2023-02-23T11:48:10","date_gmt":"2023-02-23T10:48:10","guid":{"rendered":"https:\/\/spd-stadtrat.de\/?p=5774"},"modified":"2023-02-23T11:48:12","modified_gmt":"2023-02-23T10:48:12","slug":"spd-gedenkt-am-mahnmal-fuer-das-kz-aussenlager-flossenbuerg-colosseum-in-stadtamhof-regensburg","status":"publish","type":"post","link":"https:\/\/spd-stadtrat.de\/?p=5774","title":{"rendered":"SPD gedenkt am Mahnmal f\u00fcr das KZ-Au\u00dfenlager Flossenb\u00fcrg \u2013 Colosseum in Stadtamhof-Regensburg"},"content":{"rendered":"\n<figure class=\"wp-block-image\"><img src=\"https:\/\/spd-stadtrat.de\/wp-content\/uploads\/2023\/02\/Gedenken_Colosseum_Saskia-Esken_22.02.2023-150x150.jpg\" alt=\"\"\/><\/figure>\n\n\n\n<p><\/p>\n\n\n\n<p>Anl\u00e4sslich des Besuchs von Saskia Esken, Bundesparteivorsitzende der SPD, legte gestern eine Delegation einen Kranz mit wei\u00dfen Rosen am Mahnmal f\u00fcr das ehemalige KZ-Au\u00dfenlager Flossenb\u00fcrg nieder, das im Regensburger Stadtteil Stadtamhof untergebracht war. Am 80. Jahrestags des Gedenkens der Hinrichtung der Geschwister Hans und Sophie Scholl sowie Christoph Probst zeigten sich die SPD-Delegationsmitglieder Saskia Esken, MdB Dr. Carolin Wagner, SPD-Fraktionsvorsitzender Dr. Thomas Burger sowie Landtagskandidat Sebastian Koch betroffen \u00fcber die Gr\u00e4uel der damaligen Zeit. \u201eDie Verbrechen von damals sind die Mahnung von heute\u201c, so Fraktionschef Burger.<\/p>\n\n\n\n<p>Foto: Silvia Gross<\/p>\n\n\n\n<p><\/p>\n\n\n\n<p><\/p>\n","protected":false},"excerpt":{"rendered":"<p>Anl\u00e4sslich des Besuchs von Saskia Esken, Bundesparteivorsitzende der SPD, legte gestern eine Delegation einen Kranz mit wei\u00dfen Rosen am Mahnmal f\u00fcr das ehemalige KZ-Au\u00dfenlager Flossenb\u00fcrg nieder, das im Regensburger Stadtteil Stadtamhof untergebracht war. Am 80. Jahrestags des Gedenkens der Hinrichtung<\/p>\n","protected":false},"author":3,"featured_media":5775,"comment_status":"closed","ping_status":"open","sticky":false,"template":"","format":"standard","meta":{"ngg_post_thumbnail":0},"categories":[1],"tags":[],"jetpack_featured_media_url":"https:\/\/spd-stadtrat.de\/wp-content\/uploads\/2023\/02\/Gedenken_Colosseum_Saskia-Esken_22.02.2023.jpg","_links":{"self":[{"href":"https:\/\/spd-stadtrat.de\/index.php?rest_route=\/wp\/v2\/posts\/5774"}],"collection":[{"href":"https:\/\/spd-stadtrat.de\/index.php?rest_route=\/wp\/v2\/posts"}],"about":[{"href":"https:\/\/spd-stadtrat.de\/index.php?rest_route=\/wp\/v2\/types\/post"}],"author":[{"embeddable":true,"href":"https:\/\/spd-stadtrat.de\/index.php?rest_route=\/wp\/v2\/users\/3"}],"replies":[{"embeddable":true,"href":"https:\/\/spd-stadtrat.de\/index.php?rest_route=%2Fwp%2Fv2%2Fcomments&post=5774"}],"version-history":[{"count":1,"href":"https:\/\/spd-stadtrat.de\/index.php?rest_route=\/wp\/v2\/posts\/5774\/revisions"}],"predecessor-version":[{"id":5776,"href":"https:\/\/spd-stadtrat.de\/index.php?rest_route=\/wp\/v2\/posts\/5774\/revisions\/5776"}],"wp:featuredmedia":[{"embeddable":true,"href":"https:\/\/spd-stadtrat.de\/index.php?rest_route=\/wp\/v2\/media\/5775"}],"wp:attachment":[{"href":"https:\/\/spd-stadtrat.de\/index.php?rest_route=%2Fwp%2Fv2%2Fmedia&parent=5774"}],"wp:term":[{"taxonomy":"category","embeddable":true,"href":"https:\/\/spd-stadtrat.de\/index.php?rest_route=%2Fwp%2Fv2%2Fcategories&post=5774"},{"taxonomy":"post_tag","embeddable":true,"href":"https:\/\/spd-stadtrat.de\/index.php?rest_route=%2Fwp%2Fv2%2Ftags&post=5774"}],"curies":[{"name":"wp","href":"https:\/\/api.w.org\/{rel}","templated":true}]}}