{"id":5779,"date":"2023-02-23T13:03:24","date_gmt":"2023-02-23T12:03:24","guid":{"rendered":"https:\/\/spd-stadtrat.de\/?p=5779"},"modified":"2023-02-23T13:03:24","modified_gmt":"2023-02-23T12:03:24","slug":"spd-bundeschefin-saskia-esken-besucht-mit-spd-fraktionschef-dr-thomas-burger-vitesco-technologies","status":"publish","type":"post","link":"https:\/\/spd-stadtrat.de\/?p=5779","title":{"rendered":"SPD-Bundeschefin Saskia Esken besucht mit SPD-Fraktionschef Dr. Thomas Burger Vitesco Technologies"},"content":{"rendered":"\n<figure class=\"wp-block-image\"><img src=\"https:\/\/spd-stadtrat.de\/wp-content\/uploads\/2023\/02\/Saskia-Esken-bei-Vitesco_Teststrecke_22.02.2023-150x150.jpeg\" alt=\"\"\/><\/figure>\n\n\n\n<p><\/p>\n\n\n\n<p>SPD-Fraktionsvorsitzender Dr. Thomas Burger besuchte gemeinsam mit SPD-Bundeschefin Saskia Esken sowie MdB Dr. Carolin Wagner und Landtagskandidat Sebastian Koch das Entwicklungszentrum sowie die Teststrecke von Vitesco Technologies am Standort Regensburg. Esken informierte sich vor allem \u00fcber die Neuerungen in der E-Mobilit\u00e4t und lie\u00df es sich nicht nehmen, selbst auf der Teststrecke in die Pedale zu treten, ebenso wie Burger und Wagner; hier wurde der Komfort der E-Autos am eigenen Leib erfahrbar. Einigkeit bestand darin, dass sowohl technologisch als auch politisch noch viel getan werden muss, um eine umweltvertr\u00e4gliche, mobile Zukunft f\u00fcr alle Generationen, vor allem aber f\u00fcr die zuk\u00fcnftigen, zu erm\u00f6glichen. Esken versprach, dies verst\u00e4rkt in der Bundespolitik zu verfolgen.<\/p>\n\n\n\n<p>Foto: Silvia Gross<\/p>\n","protected":false},"excerpt":{"rendered":"<p>SPD-Fraktionsvorsitzender Dr. Thomas Burger besuchte gemeinsam mit SPD-Bundeschefin Saskia Esken sowie MdB Dr. Carolin Wagner und Landtagskandidat Sebastian Koch das Entwicklungszentrum sowie die Teststrecke von Vitesco Technologies am Standort Regensburg. Esken informierte sich vor allem \u00fcber die Neuerungen in der<\/p>\n","protected":false},"author":3,"featured_media":5778,"comment_status":"closed","ping_status":"open","sticky":false,"template":"","format":"standard","meta":{"ngg_post_thumbnail":0},"categories":[1],"tags":[],"jetpack_featured_media_url":"https:\/\/spd-stadtrat.de\/wp-content\/uploads\/2023\/02\/Saskia-Esken-bei-Vitesco_Teststrecke_22.02.2023.jpeg","_links":{"self":[{"href":"https:\/\/spd-stadtrat.de\/index.php?rest_route=\/wp\/v2\/posts\/5779"}],"collection":[{"href":"https:\/\/spd-stadtrat.de\/index.php?rest_route=\/wp\/v2\/posts"}],"about":[{"href":"https:\/\/spd-stadtrat.de\/index.php?rest_route=\/wp\/v2\/types\/post"}],"author":[{"embeddable":true,"href":"https:\/\/spd-stadtrat.de\/index.php?rest_route=\/wp\/v2\/users\/3"}],"replies":[{"embeddable":true,"href":"https:\/\/spd-stadtrat.de\/index.php?rest_route=%2Fwp%2Fv2%2Fcomments&post=5779"}],"version-history":[{"count":1,"href":"https:\/\/spd-stadtrat.de\/index.php?rest_route=\/wp\/v2\/posts\/5779\/revisions"}],"predecessor-version":[{"id":5780,"href":"https:\/\/spd-stadtrat.de\/index.php?rest_route=\/wp\/v2\/posts\/5779\/revisions\/5780"}],"wp:featuredmedia":[{"embeddable":true,"href":"https:\/\/spd-stadtrat.de\/index.php?rest_route=\/wp\/v2\/media\/5778"}],"wp:attachment":[{"href":"https:\/\/spd-stadtrat.de\/index.php?rest_route=%2Fwp%2Fv2%2Fmedia&parent=5779"}],"wp:term":[{"taxonomy":"category","embeddable":true,"href":"https:\/\/spd-stadtrat.de\/index.php?rest_route=%2Fwp%2Fv2%2Fcategories&post=5779"},{"taxonomy":"post_tag","embeddable":true,"href":"https:\/\/spd-stadtrat.de\/index.php?rest_route=%2Fwp%2Fv2%2Ftags&post=5779"}],"curies":[{"name":"wp","href":"https:\/\/api.w.org\/{rel}","templated":true}]}}