{"id":5789,"date":"2023-02-23T15:18:57","date_gmt":"2023-02-23T14:18:57","guid":{"rendered":"https:\/\/spd-stadtrat.de\/?p=5789"},"modified":"2023-02-23T15:18:58","modified_gmt":"2023-02-23T14:18:58","slug":"vertreter-der-regensburger-spd-fraktion-beim-politischen-aschermittwoch-mit-spd-bundesparteivorsitzender-saskia-esken-in-eichhofen","status":"publish","type":"post","link":"https:\/\/spd-stadtrat.de\/?p=5789","title":{"rendered":"Vertreter der Regensburger SPD-Fraktion beim Politischen Aschermittwoch mit SPD-Bundesparteivorsitzender Saskia Esken in Eichhofen"},"content":{"rendered":"\n<figure class=\"wp-block-image\"><img src=\"https:\/\/spd-stadtrat.de\/wp-content\/uploads\/2023\/02\/Politischer-Aschermittwoch-Eichhofen_StR-Alexander-Irmisch_OBin-Gertrud-Maltz-Schwarzfischer_SPD-Vorsitzende-Saskia-Esken_FV-Dr.-Thomas-Burger-GFin-Silvia-Gross_22.02.2023-150x150.jpeg\" alt=\"\"\/><\/figure>\n\n\n\n<p><\/p>\n\n\n\n<p>SPD-Fraktionsvorsitzender Dr. Thomas Burger, Regensburgs SPD-Oberb\u00fcrgermeisterin Gertrud Maltz-Schwarzfischer, Stadtrat und Organisator Alexander Irmisch sowie SPD-Fraktionsgesch\u00e4ftsf\u00fchrerin Silvia Gross waren anl\u00e4sslich des traditionellen Fischessens am Politischen Aschermittwoch in die Brauereigastst\u00e4tte nach Eichhofen gekommen, um im voll besetzten Saal die politischen Kampfansagen von SPD-Bundesparteichefin Saskia Esken, MdB Dr. Carolin Wagner und SPD-Landtagskandidat Sebastian Koch zu h\u00f6ren. Das solidarische SPD-Gef\u00fchl war sp\u00fcrbar pr\u00e4sent. \u201eFreiheit, Gerechtigkeit und Solidarit\u00e4t kommen nie aus der Mode, vor allem nicht im Wahljahr\u201c, res\u00fcmierte Fraktionschef Burger den Abend.<\/p>\n\n\n\n<p>Foto: Michael Bothner<\/p>\n","protected":false},"excerpt":{"rendered":"<p>SPD-Fraktionsvorsitzender Dr. Thomas Burger, Regensburgs SPD-Oberb\u00fcrgermeisterin Gertrud Maltz-Schwarzfischer, Stadtrat und Organisator Alexander Irmisch sowie SPD-Fraktionsgesch\u00e4ftsf\u00fchrerin Silvia Gross waren anl\u00e4sslich des traditionellen Fischessens am Politischen Aschermittwoch in die Brauereigastst\u00e4tte nach Eichhofen gekommen, um im voll besetzten Saal die politischen Kampfansagen von<\/p>\n","protected":false},"author":3,"featured_media":5782,"comment_status":"closed","ping_status":"open","sticky":false,"template":"","format":"standard","meta":{"ngg_post_thumbnail":0},"categories":[1],"tags":[],"jetpack_featured_media_url":"https:\/\/spd-stadtrat.de\/wp-content\/uploads\/2023\/02\/Politischer-Aschermittwoch-Eichhofen_StR-Alexander-Irmisch_OBin-Gertrud-Maltz-Schwarzfischer_SPD-Vorsitzende-Saskia-Esken_FV-Dr.-Thomas-Burger-GFin-Silvia-Gross_22.02.2023.jpeg","_links":{"self":[{"href":"https:\/\/spd-stadtrat.de\/index.php?rest_route=\/wp\/v2\/posts\/5789"}],"collection":[{"href":"https:\/\/spd-stadtrat.de\/index.php?rest_route=\/wp\/v2\/posts"}],"about":[{"href":"https:\/\/spd-stadtrat.de\/index.php?rest_route=\/wp\/v2\/types\/post"}],"author":[{"embeddable":true,"href":"https:\/\/spd-stadtrat.de\/index.php?rest_route=\/wp\/v2\/users\/3"}],"replies":[{"embeddable":true,"href":"https:\/\/spd-stadtrat.de\/index.php?rest_route=%2Fwp%2Fv2%2Fcomments&post=5789"}],"version-history":[{"count":1,"href":"https:\/\/spd-stadtrat.de\/index.php?rest_route=\/wp\/v2\/posts\/5789\/revisions"}],"predecessor-version":[{"id":5790,"href":"https:\/\/spd-stadtrat.de\/index.php?rest_route=\/wp\/v2\/posts\/5789\/revisions\/5790"}],"wp:featuredmedia":[{"embeddable":true,"href":"https:\/\/spd-stadtrat.de\/index.php?rest_route=\/wp\/v2\/media\/5782"}],"wp:attachment":[{"href":"https:\/\/spd-stadtrat.de\/index.php?rest_route=%2Fwp%2Fv2%2Fmedia&parent=5789"}],"wp:term":[{"taxonomy":"category","embeddable":true,"href":"https:\/\/spd-stadtrat.de\/index.php?rest_route=%2Fwp%2Fv2%2Fcategories&post=5789"},{"taxonomy":"post_tag","embeddable":true,"href":"https:\/\/spd-stadtrat.de\/index.php?rest_route=%2Fwp%2Fv2%2Ftags&post=5789"}],"curies":[{"name":"wp","href":"https:\/\/api.w.org\/{rel}","templated":true}]}}