{"id":5798,"date":"2023-03-02T08:11:29","date_gmt":"2023-03-02T07:11:29","guid":{"rendered":"https:\/\/spd-stadtrat.de\/?p=5798"},"modified":"2023-03-02T08:11:30","modified_gmt":"2023-03-02T07:11:30","slug":"mehr-lust-auf-zukunft-statement-des-spd-fraktionsvorsitzenden-dr-thomas-burger-zu-den-neuerlichen-attacken-der-csu-gegen-die-stadtspitze-bei-rewag-und-verkehr","status":"publish","type":"post","link":"https:\/\/spd-stadtrat.de\/?p=5798","title":{"rendered":"\u201eMehr Lust auf Zukunft\u201c &#8211; Statement des SPD-Fraktionsvorsitzenden Dr. Thomas Burger zu den neuerlichen Attacken der CSU gegen die Stadtspitze bei REWAG und Verkehr"},"content":{"rendered":"\n<figure class=\"wp-block-image\"><img src=\"https:\/\/spd-stadtrat.de\/wp-content\/uploads\/2023\/02\/2020-Burger-150x150-1-150x150-1-150x150-1-150x150.jpg\" alt=\"\"\/><\/figure>\n\n\n\n<p><\/p>\n\n\n\n<p>&#8222;Mehr Lust auf Zukunft&#8220;, das w\u00fcnscht sich Dr. Thomas Burger, Vorsitzender der SPD-Stadtratsfraktion, zum wiederholten Male vom Koalitionspartner CSU. &#8222;Mit Ver\u00e4nderungen und Weichenstellungen bei Zukunftsthemen wie erneuerbare Energien, Bildung und Digitalisierung tut sich die CSU nicht nur auf Landesebene sehr schwer, auch auf kommunaler Ebene ist der CSU die R\u00fcckw\u00e4rtsgewandtheit bei Themen wie Mobilit\u00e4t und Umwelt offensichtlich so wichtig, dass sie unaufh\u00f6rlich am Koalitionsteam vorbei ausschert und eine vertrauensvolle Zusammenarbeit unver\u00e4ndert erschwert&#8220;, res\u00fcmiert Burger. Die festgeklebt wirkende Fixierung aufs Auto m\u00f6ge hierbei zwar ein bekanntes Markenzeichen der CSU sein, aber auch in anderen Themenfeldern bewege sich die CSU \u00e4hnlich jenseits einer koalition\u00e4ren Zusammenarbeit. &#8222;Ein \u00f6ffentliches Sch\u00fcren von Unruhe hinsichtlich der Situation des lokalen Energieversorgers REWAG ist beispielsweise \u00e4hnlich unverantwortlich wie unl\u00e4ngst der Eiertanz beim versuchten Verhindern der Erweiterung des Container-Terminals&#8220;, betont Burger: \u201eZudem lassen die neuerlichen verstrickt konstruierten, kleinteiligen und wiederum an den Koalitionspartnern vorbei ge\u00e4u\u00dferten \u00f6ffentlichen Statement-Fragmente zu Tempo 30, Fahrradstra\u00dfen und Freisitzen die Vielschichtigkeit der CSU-Standpunkte inzwischen als \u00fcberaus un\u00fcbersichtlich erscheinen.\u201c Die SPD lade die CSU nach wie vor ein, sich im Team Koalition am Gestalten einer nachhaltig erfolgreichen Zukunft konstruktiv und tatkr\u00e4ftig zu beteiligen: &#8222;Der frische Blick nach vorne und das Gestalten der Zukunft machen doch schlie\u00dflich viel mehr Spa\u00df als das Festkleben an angestaubten Bildern.&#8220;<\/p>\n\n\n\n<p>Foto: Petra Homeier<\/p>\n","protected":false},"excerpt":{"rendered":"<p>&#8222;Mehr Lust auf Zukunft&#8220;, das w\u00fcnscht sich Dr. Thomas Burger, Vorsitzender der SPD-Stadtratsfraktion, zum wiederholten Male vom Koalitionspartner CSU. &#8222;Mit Ver\u00e4nderungen und Weichenstellungen bei Zukunftsthemen wie erneuerbare Energien, Bildung und Digitalisierung tut sich die CSU nicht nur auf Landesebene sehr<\/p>\n","protected":false},"author":3,"featured_media":5719,"comment_status":"closed","ping_status":"open","sticky":false,"template":"","format":"standard","meta":{"ngg_post_thumbnail":0},"categories":[1],"tags":[],"jetpack_featured_media_url":"https:\/\/spd-stadtrat.de\/wp-content\/uploads\/2023\/02\/2020-Burger-150x150-1-150x150-1-150x150-1.jpg","_links":{"self":[{"href":"https:\/\/spd-stadtrat.de\/index.php?rest_route=\/wp\/v2\/posts\/5798"}],"collection":[{"href":"https:\/\/spd-stadtrat.de\/index.php?rest_route=\/wp\/v2\/posts"}],"about":[{"href":"https:\/\/spd-stadtrat.de\/index.php?rest_route=\/wp\/v2\/types\/post"}],"author":[{"embeddable":true,"href":"https:\/\/spd-stadtrat.de\/index.php?rest_route=\/wp\/v2\/users\/3"}],"replies":[{"embeddable":true,"href":"https:\/\/spd-stadtrat.de\/index.php?rest_route=%2Fwp%2Fv2%2Fcomments&post=5798"}],"version-history":[{"count":1,"href":"https:\/\/spd-stadtrat.de\/index.php?rest_route=\/wp\/v2\/posts\/5798\/revisions"}],"predecessor-version":[{"id":5799,"href":"https:\/\/spd-stadtrat.de\/index.php?rest_route=\/wp\/v2\/posts\/5798\/revisions\/5799"}],"wp:featuredmedia":[{"embeddable":true,"href":"https:\/\/spd-stadtrat.de\/index.php?rest_route=\/wp\/v2\/media\/5719"}],"wp:attachment":[{"href":"https:\/\/spd-stadtrat.de\/index.php?rest_route=%2Fwp%2Fv2%2Fmedia&parent=5798"}],"wp:term":[{"taxonomy":"category","embeddable":true,"href":"https:\/\/spd-stadtrat.de\/index.php?rest_route=%2Fwp%2Fv2%2Fcategories&post=5798"},{"taxonomy":"post_tag","embeddable":true,"href":"https:\/\/spd-stadtrat.de\/index.php?rest_route=%2Fwp%2Fv2%2Ftags&post=5798"}],"curies":[{"name":"wp","href":"https:\/\/api.w.org\/{rel}","templated":true}]}}