{"id":5804,"date":"2023-03-06T13:11:06","date_gmt":"2023-03-06T12:11:06","guid":{"rendered":"https:\/\/spd-stadtrat.de\/?p=5804"},"modified":"2023-03-06T13:11:07","modified_gmt":"2023-03-06T12:11:07","slug":"spd-fraktion-unterstuetzt-im-sozialausschuss-die-erhoehung-der-zuschuesse-fuer-den-seniorenclub","status":"publish","type":"post","link":"https:\/\/spd-stadtrat.de\/?p=5804","title":{"rendered":"SPD-Fraktion unterst\u00fctzt im Sozialausschuss die Erh\u00f6hung der Zusch\u00fcsse f\u00fcr den Seniorenclub"},"content":{"rendered":"\n<figure class=\"wp-block-image size-full\"><a href=\"https:\/\/spd-stadtrat.de\/wp-content\/uploads\/2023\/03\/Seniorenbeirat_20230223_150335-150x150-1.jpg\"><img loading=\"lazy\" width=\"150\" height=\"150\" src=\"https:\/\/spd-stadtrat.de\/wp-content\/uploads\/2023\/03\/Seniorenbeirat_20230223_150335-150x150-1.jpg\" alt=\"\" class=\"wp-image-5806\"\/><\/a><\/figure>\n\n\n\n<p><strong>SPD-Fraktion unterst\u00fctzt im Sozialausschuss die Erh\u00f6hung der Zusch\u00fcsse f\u00fcr den Seniorenclub<\/strong><\/p>\n\n\n\n<p>Wir begl\u00fcckw\u00fcnschen den Seniorenbeirat zu dem regen Interesse bei der Vorstellung des Jahresprogramms 2023 sowie der neuen Mitglieder des Seniorenbeirats. Der Sport-Club brach bei der Veranstaltung aus allen N\u00e4hten. &#8222;Unsere anwesenden Stadtr\u00e4te sind mit gro\u00dfem Interesse der Vorstellung gefolgt und sind begeistert \u00fcber das reichhaltige Programm 2023 mit kulturellen und sportlichen Themen, aber auch Themen zur Sicherheit im Alter und vieles mehr\u201c, so Fraktionsvorsitzender Dr. Thomas Burger. Gern haben daher unsere SPD-Stadtr\u00e4te Alexander Irmisch und Evelyn Kolbe-Stockert in der Sozialausschusssitzung am letzten Donnerstag dem \u00c4nderungsantrag des Seniorenbeirates zugestimmt, die bisherigen Zusch\u00fcsse f\u00fcr die Seniorenclubs ab dem Haushalt 2023 zu erh\u00f6hen, um die vielf\u00e4ltigen Aktionen der Regensburger Senior*innen\u00a0 auch in diesem Jahr, so gut es geht, finanziell zu unterst\u00fctzen.<\/p>\n\n\n\n<p>Foto: Evelyn Kolbe-Stockert<\/p>\n","protected":false},"excerpt":{"rendered":"<p>SPD-Fraktion unterst\u00fctzt im Sozialausschuss die Erh\u00f6hung der Zusch\u00fcsse f\u00fcr den Seniorenclub Wir begl\u00fcckw\u00fcnschen den Seniorenbeirat zu dem regen Interesse bei der Vorstellung des Jahresprogramms 2023 sowie der neuen Mitglieder des Seniorenbeirats. Der Sport-Club brach bei der Veranstaltung aus allen N\u00e4hten.<\/p>\n","protected":false},"author":3,"featured_media":0,"comment_status":"closed","ping_status":"open","sticky":false,"template":"","format":"standard","meta":{"ngg_post_thumbnail":0},"categories":[1],"tags":[],"jetpack_featured_media_url":"","_links":{"self":[{"href":"https:\/\/spd-stadtrat.de\/index.php?rest_route=\/wp\/v2\/posts\/5804"}],"collection":[{"href":"https:\/\/spd-stadtrat.de\/index.php?rest_route=\/wp\/v2\/posts"}],"about":[{"href":"https:\/\/spd-stadtrat.de\/index.php?rest_route=\/wp\/v2\/types\/post"}],"author":[{"embeddable":true,"href":"https:\/\/spd-stadtrat.de\/index.php?rest_route=\/wp\/v2\/users\/3"}],"replies":[{"embeddable":true,"href":"https:\/\/spd-stadtrat.de\/index.php?rest_route=%2Fwp%2Fv2%2Fcomments&post=5804"}],"version-history":[{"count":1,"href":"https:\/\/spd-stadtrat.de\/index.php?rest_route=\/wp\/v2\/posts\/5804\/revisions"}],"predecessor-version":[{"id":5807,"href":"https:\/\/spd-stadtrat.de\/index.php?rest_route=\/wp\/v2\/posts\/5804\/revisions\/5807"}],"wp:attachment":[{"href":"https:\/\/spd-stadtrat.de\/index.php?rest_route=%2Fwp%2Fv2%2Fmedia&parent=5804"}],"wp:term":[{"taxonomy":"category","embeddable":true,"href":"https:\/\/spd-stadtrat.de\/index.php?rest_route=%2Fwp%2Fv2%2Fcategories&post=5804"},{"taxonomy":"post_tag","embeddable":true,"href":"https:\/\/spd-stadtrat.de\/index.php?rest_route=%2Fwp%2Fv2%2Ftags&post=5804"}],"curies":[{"name":"wp","href":"https:\/\/api.w.org\/{rel}","templated":true}]}}