{"id":5813,"date":"2023-03-08T08:04:32","date_gmt":"2023-03-08T07:04:32","guid":{"rendered":"https:\/\/spd-stadtrat.de\/?p=5813"},"modified":"2023-03-08T08:04:33","modified_gmt":"2023-03-08T07:04:33","slug":"angebot-von-kostenlosen-hygieneartikeln-an-staedtischen-schulen-wird-auf-erfolgreiche-initiative-der-spd-fraktion-hin-ausgebaut","status":"publish","type":"post","link":"https:\/\/spd-stadtrat.de\/?p=5813","title":{"rendered":"Angebot von kostenlosen Hygieneartikeln an st\u00e4dtischen Schulen wird auf erfolgreiche Initiative der SPD-Fraktion hin ausgebaut"},"content":{"rendered":"\n<figure class=\"wp-block-image\"><img src=\"https:\/\/spd-stadtrat.de\/wp-content\/uploads\/2023\/03\/Menstruationsartikelspender-150x150.jpg\" alt=\"\"\/><\/figure>\n\n\n\n<p><a><\/a>Erfreut reagieren SPD-Fraktionsvorsitzender Dr. Thomas Burger und SPD-Sozialstadtr\u00e4tin Evelyn Kolbe-Stockert auf den Erfolg ihrer Anfrage bez\u00fcglich des Angebots von kostenlosen Hygieneartikeln an st\u00e4dtischen Schulen. \u201eDieses Thema r\u00fcckt in letzter Zeit verst\u00e4rkt in den Fokus. Es besteht Bedarf, und da wollen wir als Sozialdemokratinnen und Sozialdemokraten nat\u00fcrlich etwas tun\u201c, so Burger. Daher sei es sehr zu begr\u00fc\u00dfen, dass das Referat f\u00fcr Bildung nun beabsichtige, an allen weiterf\u00fchrenden st\u00e4dtischen Schulen in je einer Sch\u00fclerinnentoilette pro Geb\u00e4ude einen Menstruationsartikelspender zu installieren und dessen Bef\u00fcllung zu \u00fcbernehmen. Die Umsetzung werde in Absprache mit der Schulleitung erfolgen.<\/p>\n\n\n\n<p>Bei Bew\u00e4hrung des Angebots sollen alle Sch\u00fclerinnentoiletten an weiterf\u00fchrenden Schulen mit entsprechenden Spendern ausgestattet werden. \u201eF\u00fcr viele M\u00e4dchen stellt die Beschaffung dieser Hygieneartikel eine finanzielle Belastung dar. Zudem kann es bei kurzfristigem Bedarf zu unangenehmen und schambehafteten Situationen f\u00fcr die betroffenen Sch\u00fclerinnen kommen. Die Stadt Kempten beispielsweise hat hier bereits ein erfolgreiches Pilotprojekt gestartet. Wir sind froh, dass die Stadt Regensburg diesem Wunsch, der seitens der Schulfamilien wie auch verschiedener Jugendorganisationen, insbesondere der Jugendbeirat, an uns herangetragen wurde, entgegenkommt\u201c, so die stellvertretende Fraktionsvorsitzende Kolbe-Stockert, die sich mit Fraktionschef Burger f\u00fcr diese Initiative stark gemacht hatte.<\/p>\n\n\n\n<p>Foto: Menstruationsartikelspender<\/p>\n\n\n\n<p>Fotorechte: Raphael Birnstiel<\/p>\n","protected":false},"excerpt":{"rendered":"<p>Erfreut reagieren SPD-Fraktionsvorsitzender Dr. Thomas Burger und SPD-Sozialstadtr\u00e4tin Evelyn Kolbe-Stockert auf den Erfolg ihrer Anfrage bez\u00fcglich des Angebots von kostenlosen Hygieneartikeln an st\u00e4dtischen Schulen. \u201eDieses Thema r\u00fcckt in letzter Zeit verst\u00e4rkt in den Fokus. Es besteht Bedarf, und da wollen<\/p>\n","protected":false},"author":3,"featured_media":5809,"comment_status":"closed","ping_status":"open","sticky":false,"template":"","format":"standard","meta":{"ngg_post_thumbnail":0},"categories":[1],"tags":[],"jetpack_featured_media_url":"https:\/\/spd-stadtrat.de\/wp-content\/uploads\/2023\/03\/Menstruationsartikelspender.jpg","_links":{"self":[{"href":"https:\/\/spd-stadtrat.de\/index.php?rest_route=\/wp\/v2\/posts\/5813"}],"collection":[{"href":"https:\/\/spd-stadtrat.de\/index.php?rest_route=\/wp\/v2\/posts"}],"about":[{"href":"https:\/\/spd-stadtrat.de\/index.php?rest_route=\/wp\/v2\/types\/post"}],"author":[{"embeddable":true,"href":"https:\/\/spd-stadtrat.de\/index.php?rest_route=\/wp\/v2\/users\/3"}],"replies":[{"embeddable":true,"href":"https:\/\/spd-stadtrat.de\/index.php?rest_route=%2Fwp%2Fv2%2Fcomments&post=5813"}],"version-history":[{"count":1,"href":"https:\/\/spd-stadtrat.de\/index.php?rest_route=\/wp\/v2\/posts\/5813\/revisions"}],"predecessor-version":[{"id":5814,"href":"https:\/\/spd-stadtrat.de\/index.php?rest_route=\/wp\/v2\/posts\/5813\/revisions\/5814"}],"wp:featuredmedia":[{"embeddable":true,"href":"https:\/\/spd-stadtrat.de\/index.php?rest_route=\/wp\/v2\/media\/5809"}],"wp:attachment":[{"href":"https:\/\/spd-stadtrat.de\/index.php?rest_route=%2Fwp%2Fv2%2Fmedia&parent=5813"}],"wp:term":[{"taxonomy":"category","embeddable":true,"href":"https:\/\/spd-stadtrat.de\/index.php?rest_route=%2Fwp%2Fv2%2Fcategories&post=5813"},{"taxonomy":"post_tag","embeddable":true,"href":"https:\/\/spd-stadtrat.de\/index.php?rest_route=%2Fwp%2Fv2%2Ftags&post=5813"}],"curies":[{"name":"wp","href":"https:\/\/api.w.org\/{rel}","templated":true}]}}