{"id":5815,"date":"2023-03-08T12:57:53","date_gmt":"2023-03-08T11:57:53","guid":{"rendered":"https:\/\/spd-stadtrat.de\/?p=5815"},"modified":"2023-03-09T13:15:04","modified_gmt":"2023-03-09T12:15:04","slug":"spd-fraktionsvorsitzender-dr-thomas-burger-erwartet-professionalitaet-vom-koalitionspartner-csu-tva-interview-zum-interims-zob-zentraler-omnibusbahnhof","status":"publish","type":"post","link":"https:\/\/spd-stadtrat.de\/?p=5815","title":{"rendered":"SPD-Fraktionsvorsitzender Dr. Thomas Burger erwartet Professionalit\u00e4t vom Koalitionspartner CSU \/ TVA-Interview zum Interims-ZOB \u2013 Zentraler Omnibusbahnhof"},"content":{"rendered":"\n<figure class=\"wp-block-image\"><img src=\"https:\/\/spd-stadtrat.de\/wp-content\/uploads\/2023\/03\/TVA_Interview_ZOB_07.03.2023_IMG_20230307_141751_387-150x150.webp\" alt=\"\"\/><\/figure>\n\n\n\n<p><\/p>\n\n\n\n<p>TVA-Streamingtipp: SPD-Fraktionschef Dr. Thomas Burger im Interview zu \u201eDiskussion um die Regensburger Bahnhofstra\u00dfe geht in die n\u00e4chste Runde\u201c. Burger weist auf den einstimmigen Beschluss von 2020 f\u00fcr die diskutierte Ma\u00dfnahme hin und erwartet eine professionelle und verl\u00e4ssliche Haltung des Koalitionspartners CSU dazu.<br><br>Da es selbst manchen Stadtratsmitgliedern nicht klar zu sein scheint, weil sie des \u00f6fteren Durchfahrtssperre und Erscheinungsbild verwechseln:<\/p>\n\n\n\n<p>&#8211; 2020 wurde f\u00fcr einen reibungslosen verkehrlichen Betrieb des Interims-ZOB (Zentraler Omnibus-Bahnhof) der Durchgangsverkehr aus der Bahnhofstra\u00dfe herausgenommen. Einstimmig beschlossen \u00fcbrigens auch von denen, die das nun wieder \u00e4ndern wollen.<\/p>\n\n\n\n<p>&#8211; Unabh\u00e4ngig davon muss das Erscheinungsbild zeitnah deutlich aufgewertet werden, das ist bereits geplant, erste Entw\u00fcrfe dazu werden demn\u00e4chst im Planungsausschuss vorgestellt.<\/p>\n\n\n\n<p>Wie auch immer: Der Bahnhofsvorplatz hat etwas Besseres verdient, als eine blo\u00dfe Durchfahrtsstra\u00dfe f\u00fcr den motorisierten Individualverkehr zu sein. Auch wenn Ver\u00e4nderungen in Regensburg traditionsgem\u00e4\u00df \u00fcberdurchschnittliche Herausforderungen darstellen.<\/p>\n\n\n\n<p>Mehr unter: &nbsp;<a href=\"https:\/\/www.tvaktuell.com\/mediathek\/533216\">https:\/\/www.tvaktuell.com\/mediathek\/533216<\/a><\/p>\n\n\n\n<p>Fotos: Silvia Gross<\/p>\n","protected":false},"excerpt":{"rendered":"<p>TVA-Streamingtipp: SPD-Fraktionschef Dr. Thomas Burger im Interview zu \u201eDiskussion um die Regensburger Bahnhofstra\u00dfe geht in die n\u00e4chste Runde\u201c. Burger weist auf den einstimmigen Beschluss von 2020 f\u00fcr die diskutierte Ma\u00dfnahme hin und erwartet eine professionelle und verl\u00e4ssliche Haltung des Koalitionspartners<\/p>\n","protected":false},"author":3,"featured_media":5818,"comment_status":"closed","ping_status":"open","sticky":false,"template":"","format":"standard","meta":{"ngg_post_thumbnail":0},"categories":[1],"tags":[],"jetpack_featured_media_url":"https:\/\/spd-stadtrat.de\/wp-content\/uploads\/2023\/03\/TVA_Interview_ZOB_07.03.2023_IMG_20230307_141751_387.webp","_links":{"self":[{"href":"https:\/\/spd-stadtrat.de\/index.php?rest_route=\/wp\/v2\/posts\/5815"}],"collection":[{"href":"https:\/\/spd-stadtrat.de\/index.php?rest_route=\/wp\/v2\/posts"}],"about":[{"href":"https:\/\/spd-stadtrat.de\/index.php?rest_route=\/wp\/v2\/types\/post"}],"author":[{"embeddable":true,"href":"https:\/\/spd-stadtrat.de\/index.php?rest_route=\/wp\/v2\/users\/3"}],"replies":[{"embeddable":true,"href":"https:\/\/spd-stadtrat.de\/index.php?rest_route=%2Fwp%2Fv2%2Fcomments&post=5815"}],"version-history":[{"count":2,"href":"https:\/\/spd-stadtrat.de\/index.php?rest_route=\/wp\/v2\/posts\/5815\/revisions"}],"predecessor-version":[{"id":5822,"href":"https:\/\/spd-stadtrat.de\/index.php?rest_route=\/wp\/v2\/posts\/5815\/revisions\/5822"}],"wp:featuredmedia":[{"embeddable":true,"href":"https:\/\/spd-stadtrat.de\/index.php?rest_route=\/wp\/v2\/media\/5818"}],"wp:attachment":[{"href":"https:\/\/spd-stadtrat.de\/index.php?rest_route=%2Fwp%2Fv2%2Fmedia&parent=5815"}],"wp:term":[{"taxonomy":"category","embeddable":true,"href":"https:\/\/spd-stadtrat.de\/index.php?rest_route=%2Fwp%2Fv2%2Fcategories&post=5815"},{"taxonomy":"post_tag","embeddable":true,"href":"https:\/\/spd-stadtrat.de\/index.php?rest_route=%2Fwp%2Fv2%2Ftags&post=5815"}],"curies":[{"name":"wp","href":"https:\/\/api.w.org\/{rel}","templated":true}]}}