{"id":5823,"date":"2023-03-09T15:38:08","date_gmt":"2023-03-09T14:38:08","guid":{"rendered":"https:\/\/spd-stadtrat.de\/?p=5823"},"modified":"2023-04-03T08:26:25","modified_gmt":"2023-04-03T06:26:25","slug":"mdb-dr-carolin-wagner-arbeitsbesuch-im-spd-fraktionsbuero","status":"publish","type":"post","link":"https:\/\/spd-stadtrat.de\/?p=5823","title":{"rendered":"MdB Dr. Carolin Wagner: Arbeitsbesuch im SPD-Fraktionsb\u00fcro"},"content":{"rendered":"\n<figure class=\"wp-block-image size-full\"><a href=\"https:\/\/spd-stadtrat.de\/wp-content\/uploads\/2023\/03\/MdB-Dr.-Carolin-Wagner_Besuch_Fraktionsbuero_09.03.2023-150x150-1.jpg\"><img loading=\"lazy\" width=\"150\" height=\"150\" src=\"https:\/\/spd-stadtrat.de\/wp-content\/uploads\/2023\/03\/MdB-Dr.-Carolin-Wagner_Besuch_Fraktionsbuero_09.03.2023-150x150-1.jpg\" alt=\"\" class=\"wp-image-5825\"\/><\/a><\/figure>\n\n\n\n<p><\/p>\n\n\n\n<p>Zum konstruktiven Gespr\u00e4ch trafen sich die B\u00fcroteams der SPD-Stadtratsfraktion sowie der SPD-Bundestagsabgeordneten Dr. Carolin Wagner. Fraktionsvorsitzender Dr. Thomas Burger unterst\u00fctzte das Arbeitstreffen: \u201eEs ist wichtig, dass die Mitarbeiterinnen und Mitarbeiter gut zusammenarbeiten und auch \u00fcber ihr Gebiet hinaus gut vernetzt und informiert sind. Ich freue mich \u00fcber das Interesse unserer Bundestagsabgeordneten an den Arbeitsabl\u00e4ufen und Themen, die uns hier in der Stadtratsfraktion betreffen. Nur gemeinsam sind wir stark\u201c, so Burger. Fraktionsgesch\u00e4ftsf\u00fchrerin Silvia Gross freute sich \u00fcber den Willkommensblumenstrau\u00df, der nun ein wenig Fr\u00fchling ins B\u00fcro bringt.<\/p>\n\n\n\n<p>Foto: Heike Boin<\/p>\n","protected":false},"excerpt":{"rendered":"<p>Zum konstruktiven Gespr\u00e4ch trafen sich die B\u00fcroteams der SPD-Stadtratsfraktion sowie der SPD-Bundestagsabgeordneten Dr. Carolin Wagner. Fraktionsvorsitzender Dr. Thomas Burger unterst\u00fctzte das Arbeitstreffen: \u201eEs ist wichtig, dass die Mitarbeiterinnen und Mitarbeiter gut zusammenarbeiten und auch \u00fcber ihr Gebiet hinaus gut vernetzt<\/p>\n","protected":false},"author":3,"featured_media":5937,"comment_status":"closed","ping_status":"open","sticky":false,"template":"","format":"standard","meta":{"ngg_post_thumbnail":0},"categories":[1],"tags":[],"jetpack_featured_media_url":"https:\/\/spd-stadtrat.de\/wp-content\/uploads\/2023\/03\/MdB-Dr.-Carolin-Wagner_Besuch_Fraktionsbuero_09.03.2023.jpg","_links":{"self":[{"href":"https:\/\/spd-stadtrat.de\/index.php?rest_route=\/wp\/v2\/posts\/5823"}],"collection":[{"href":"https:\/\/spd-stadtrat.de\/index.php?rest_route=\/wp\/v2\/posts"}],"about":[{"href":"https:\/\/spd-stadtrat.de\/index.php?rest_route=\/wp\/v2\/types\/post"}],"author":[{"embeddable":true,"href":"https:\/\/spd-stadtrat.de\/index.php?rest_route=\/wp\/v2\/users\/3"}],"replies":[{"embeddable":true,"href":"https:\/\/spd-stadtrat.de\/index.php?rest_route=%2Fwp%2Fv2%2Fcomments&post=5823"}],"version-history":[{"count":2,"href":"https:\/\/spd-stadtrat.de\/index.php?rest_route=\/wp\/v2\/posts\/5823\/revisions"}],"predecessor-version":[{"id":5843,"href":"https:\/\/spd-stadtrat.de\/index.php?rest_route=\/wp\/v2\/posts\/5823\/revisions\/5843"}],"wp:featuredmedia":[{"embeddable":true,"href":"https:\/\/spd-stadtrat.de\/index.php?rest_route=\/wp\/v2\/media\/5937"}],"wp:attachment":[{"href":"https:\/\/spd-stadtrat.de\/index.php?rest_route=%2Fwp%2Fv2%2Fmedia&parent=5823"}],"wp:term":[{"taxonomy":"category","embeddable":true,"href":"https:\/\/spd-stadtrat.de\/index.php?rest_route=%2Fwp%2Fv2%2Fcategories&post=5823"},{"taxonomy":"post_tag","embeddable":true,"href":"https:\/\/spd-stadtrat.de\/index.php?rest_route=%2Fwp%2Fv2%2Ftags&post=5823"}],"curies":[{"name":"wp","href":"https:\/\/api.w.org\/{rel}","templated":true}]}}