{"id":5832,"date":"2023-03-13T11:02:03","date_gmt":"2023-03-13T10:02:03","guid":{"rendered":"https:\/\/spd-stadtrat.de\/?p=5832"},"modified":"2023-04-03T08:29:57","modified_gmt":"2023-04-03T06:29:57","slug":"spd-fraktion-gratuliert-dem-theater-regensburg-zum-oper-awards-2023","status":"publish","type":"post","link":"https:\/\/spd-stadtrat.de\/?p=5832","title":{"rendered":"SPD-Fraktion gratuliert dem Theater Regensburg zum OPER! AWARDS 2023"},"content":{"rendered":"\n<figure class=\"wp-block-image size-full\"><a href=\"https:\/\/spd-stadtrat.de\/wp-content\/uploads\/2023\/03\/Theater_Putting-it-together_11.03.2023-150x150-1.jpg\"><img loading=\"lazy\" width=\"150\" height=\"150\" src=\"https:\/\/spd-stadtrat.de\/wp-content\/uploads\/2023\/03\/Theater_Putting-it-together_11.03.2023-150x150-1.jpg\" alt=\"\" class=\"wp-image-5834\"\/><\/a><\/figure>\n\n\n\n<p>Die SPD-Stadtratsfraktion ist gemeinsam mit unserem Stadttheater stolz auf die aktuelle Auszeichnung mit dem OPER! AWARDS 2023 in der Kategorie Nachhaltigkeit. Intendant Sebastian Ritschel, Kaufm\u00e4nnischer Direktor Dr. Matthias Schloderer und Chefdramaturg Ronny Scholz bringen unser Theater auf neue, dynamische Wege und haben diese Auszeichnung, sowie sicherlich noch einige weitere, mehr als verdient. Unsere Gl\u00fcckw\u00fcnsche wollten wir gerne pers\u00f6nlich \u00fcberbringen und nahmen die Abschiedsvorstellung der gefeierten Sondheim-Revue \u201ePutting it together\u201c daf\u00fcr zum Anlass, auch im Namen unserer Stadtr\u00e4tinnen Elisabeth Christoph (Mitglied im Verwaltungsrat des Theaters), Evelyn Kolbe-Stockert (Mitglied im Kulturausschuss) sowie Stadtrat Alexander Irmisch (kulturpolitischer Sprecher). Und da man in Regensburg immer jemanden trifft, leistete uns auch der Regensburger Schriftsteller Dr. Matthias Kneip Gesellschaft. &#8222;Wir sind stolz auf unser Theater und die Leistung des Regensburger Ensembles&#8220;, so Fraktionsvorsitzender Dr. Thomas Burger und Fraktionsgesch\u00e4ftsf\u00fchrerin Silvia Gross nach dem Besuch der grandiosen Vorstellung. Da capo, wenn es nicht der letzte Vorhang gewesen w\u00e4re&#8230;.<\/p>\n\n\n\n<p>Foto: Silvia Gross<\/p>\n","protected":false},"excerpt":{"rendered":"<p>Die SPD-Stadtratsfraktion ist gemeinsam mit unserem Stadttheater stolz auf die aktuelle Auszeichnung mit dem OPER! AWARDS 2023 in der Kategorie Nachhaltigkeit. Intendant Sebastian Ritschel, Kaufm\u00e4nnischer Direktor Dr. Matthias Schloderer und Chefdramaturg Ronny Scholz bringen unser Theater auf neue, dynamische Wege<\/p>\n","protected":false},"author":3,"featured_media":5929,"comment_status":"closed","ping_status":"open","sticky":false,"template":"","format":"standard","meta":{"ngg_post_thumbnail":0},"categories":[1],"tags":[],"jetpack_featured_media_url":"https:\/\/spd-stadtrat.de\/wp-content\/uploads\/2023\/03\/Theater_Putting-it-together_11.03.2023.jpg","_links":{"self":[{"href":"https:\/\/spd-stadtrat.de\/index.php?rest_route=\/wp\/v2\/posts\/5832"}],"collection":[{"href":"https:\/\/spd-stadtrat.de\/index.php?rest_route=\/wp\/v2\/posts"}],"about":[{"href":"https:\/\/spd-stadtrat.de\/index.php?rest_route=\/wp\/v2\/types\/post"}],"author":[{"embeddable":true,"href":"https:\/\/spd-stadtrat.de\/index.php?rest_route=\/wp\/v2\/users\/3"}],"replies":[{"embeddable":true,"href":"https:\/\/spd-stadtrat.de\/index.php?rest_route=%2Fwp%2Fv2%2Fcomments&post=5832"}],"version-history":[{"count":3,"href":"https:\/\/spd-stadtrat.de\/index.php?rest_route=\/wp\/v2\/posts\/5832\/revisions"}],"predecessor-version":[{"id":5838,"href":"https:\/\/spd-stadtrat.de\/index.php?rest_route=\/wp\/v2\/posts\/5832\/revisions\/5838"}],"wp:featuredmedia":[{"embeddable":true,"href":"https:\/\/spd-stadtrat.de\/index.php?rest_route=\/wp\/v2\/media\/5929"}],"wp:attachment":[{"href":"https:\/\/spd-stadtrat.de\/index.php?rest_route=%2Fwp%2Fv2%2Fmedia&parent=5832"}],"wp:term":[{"taxonomy":"category","embeddable":true,"href":"https:\/\/spd-stadtrat.de\/index.php?rest_route=%2Fwp%2Fv2%2Fcategories&post=5832"},{"taxonomy":"post_tag","embeddable":true,"href":"https:\/\/spd-stadtrat.de\/index.php?rest_route=%2Fwp%2Fv2%2Ftags&post=5832"}],"curies":[{"name":"wp","href":"https:\/\/api.w.org\/{rel}","templated":true}]}}