{"id":5846,"date":"2023-03-15T09:31:03","date_gmt":"2023-03-15T08:31:03","guid":{"rendered":"https:\/\/spd-stadtrat.de\/?p=5846"},"modified":"2023-03-22T09:43:20","modified_gmt":"2023-03-22T08:43:20","slug":"statement-des-spd-fraktionsvorsitzenden-dr-thomas-burger-zur-schliessung-von-galeria-kaufhof-in-der-regensburger-altstadt","status":"publish","type":"post","link":"https:\/\/spd-stadtrat.de\/?p=5846","title":{"rendered":"Statement des SPD-Fraktionsvorsitzenden Dr. Thomas Burger zur Schlie\u00dfung von Galeria Kaufhof in der Regensburger Altstadt"},"content":{"rendered":"\n<figure class=\"wp-block-image size-full\"><a href=\"https:\/\/spd-stadtrat.de\/wp-content\/uploads\/2023\/03\/Galeria-Kaufhof_Schliessung_Foto-fuer-FB_14.03.2023-150x150-1.jpg\"><img loading=\"lazy\" width=\"150\" height=\"150\" src=\"https:\/\/spd-stadtrat.de\/wp-content\/uploads\/2023\/03\/Galeria-Kaufhof_Schliessung_Foto-fuer-FB_14.03.2023-150x150-1.jpg\" alt=\"\" class=\"wp-image-5847\"\/><\/a><\/figure>\n\n\n\n<p><\/p>\n\n\n\n<p>Gestern gab Galeria Karstadt Kaufhof die Schlie\u00dfung von 52 Standorten bekannt. Mit der Filiale am Neupfarrplatz ist leider auch einer der beiden Regensburger Standorte betroffen.<\/p>\n\n\n\n<p><\/p>\n\n\n\n<p>Ein dramatischer Einschnitt f\u00fcr Regensburg und insbesondere f\u00fcr die Besch\u00e4ftigten. Jetzt ist erst einmal wichtig, dass f\u00fcr diese bestm\u00f6gliche L\u00f6sungen gefunden werden. Dass Galerie Kaufhof in Regensburg zumindest an einem Standort bleibt, ist hier sicherlich hilfreich und ist zumindest eine positive Komponente der ansonsten alles andere als erfreulichen Nachricht.<\/p>\n\n\n\n<p><\/p>\n\n\n\n<p> \u00c4hnlich wie bei dem R\u00fcckzug der Bundeswehr aus Regensburg und dem darauf folgenden Aufbl\u00fchen des Nibelungenareals bieten solche Z\u00e4suren jedoch auch wertvolle Chancen f\u00fcr neue Zukunfts-Impulse in der Stadtentwicklung. Neben eigenen \u00dcberlegungen gibt bereits mehrere Ideen in der Stadtgesellschaft, was an diesem Ort als Nachnutzung m\u00f6glich sein k\u00f6nnte. Das wei\u00df ich aufgrund meiner zahlreichen Gespr\u00e4che, die ich fortlaufend f\u00fchre. Etwas Neues an einer derart prominenten Stelle zu erschaffen, kann analog zum Nibelungenareal viel positive Energie freisetzen.<\/p>\n\n\n\n<p><\/p>\n\n\n\n<p> Ich halte es jedoch nicht f\u00fcr zielf\u00fchrend, jetzt bereits reflexartig zu einem sehr fr\u00fchen Zeitpunkt zu wenig ausgereifte und v\u00f6llig unabgestimmte Schlagworte im politischen Schlagabtausch aus der H\u00fcfte hin und her zu schie\u00dfen. Ebenfalls analog zum Nibelungenareal und anderen einschneidenden Ver\u00e4nderungen wird sich die Stadt nat\u00fcrlich mit der Thematik eingehend befassen, da auch im Fall der Galeria Kaufhof eine besonders bedeutungsvolle \u00d6rtlichkeit betroffen ist.<\/p>\n\n\n\n<p><\/p>\n\n\n\n<p>Im Augenblick sind jedoch unsere Gedanken erst einmal bei den betroffenen Besch\u00e4ftigten.<\/p>\n\n\n\n<p>Foto: Silvia Gross<\/p>\n","protected":false},"excerpt":{"rendered":"<p>Gestern gab Galeria Karstadt Kaufhof die Schlie\u00dfung von 52 Standorten bekannt. Mit der Filiale am Neupfarrplatz ist leider auch einer der beiden Regensburger Standorte betroffen. Ein dramatischer Einschnitt f\u00fcr Regensburg und insbesondere f\u00fcr die Besch\u00e4ftigten. Jetzt ist erst einmal wichtig,<\/p>\n","protected":false},"author":3,"featured_media":5880,"comment_status":"closed","ping_status":"open","sticky":false,"template":"","format":"standard","meta":{"ngg_post_thumbnail":0},"categories":[1],"tags":[],"jetpack_featured_media_url":"https:\/\/spd-stadtrat.de\/wp-content\/uploads\/2023\/03\/Galeria-Kaufhof_Schliessung_Foto-fuer-FB_14.03.2023.jpg","_links":{"self":[{"href":"https:\/\/spd-stadtrat.de\/index.php?rest_route=\/wp\/v2\/posts\/5846"}],"collection":[{"href":"https:\/\/spd-stadtrat.de\/index.php?rest_route=\/wp\/v2\/posts"}],"about":[{"href":"https:\/\/spd-stadtrat.de\/index.php?rest_route=\/wp\/v2\/types\/post"}],"author":[{"embeddable":true,"href":"https:\/\/spd-stadtrat.de\/index.php?rest_route=\/wp\/v2\/users\/3"}],"replies":[{"embeddable":true,"href":"https:\/\/spd-stadtrat.de\/index.php?rest_route=%2Fwp%2Fv2%2Fcomments&post=5846"}],"version-history":[{"count":2,"href":"https:\/\/spd-stadtrat.de\/index.php?rest_route=\/wp\/v2\/posts\/5846\/revisions"}],"predecessor-version":[{"id":5850,"href":"https:\/\/spd-stadtrat.de\/index.php?rest_route=\/wp\/v2\/posts\/5846\/revisions\/5850"}],"wp:featuredmedia":[{"embeddable":true,"href":"https:\/\/spd-stadtrat.de\/index.php?rest_route=\/wp\/v2\/media\/5880"}],"wp:attachment":[{"href":"https:\/\/spd-stadtrat.de\/index.php?rest_route=%2Fwp%2Fv2%2Fmedia&parent=5846"}],"wp:term":[{"taxonomy":"category","embeddable":true,"href":"https:\/\/spd-stadtrat.de\/index.php?rest_route=%2Fwp%2Fv2%2Fcategories&post=5846"},{"taxonomy":"post_tag","embeddable":true,"href":"https:\/\/spd-stadtrat.de\/index.php?rest_route=%2Fwp%2Fv2%2Ftags&post=5846"}],"curies":[{"name":"wp","href":"https:\/\/api.w.org\/{rel}","templated":true}]}}