{"id":5853,"date":"2023-03-20T08:15:06","date_gmt":"2023-03-20T07:15:06","guid":{"rendered":"https:\/\/spd-stadtrat.de\/?p=5853"},"modified":"2023-03-20T08:55:07","modified_gmt":"2023-03-20T07:55:07","slug":"spd-fraktionsvorsitzender-dr-thomas-burger-wuerdigt-die-eroeffnung-des-erweiterungsbaus-des-landesleistungszentrums-fuer-baseball-und-softball","status":"publish","type":"post","link":"https:\/\/spd-stadtrat.de\/?p=5853","title":{"rendered":"SPD-Fraktionsvorsitzender Dr.\u00a0Thomas Burger\u00a0w\u00fcrdigt die\u00a0Er\u00f6ffnung\u00a0des\u00a0Erweiterungsbaus\u00a0des\u00a0Landesleistungszentrums\u00a0f\u00fcr\u00a0Baseball\u00a0und\u00a0Softball\u00a0der Guggenberger\u00a0Legion\u00e4re"},"content":{"rendered":"\n<figure class=\"wp-block-image size-full\"><a href=\"https:\/\/spd-stadtrat.de\/wp-content\/uploads\/2023\/03\/Baseball-150x150-1.jpg\"><img loading=\"lazy\" width=\"150\" height=\"150\" src=\"https:\/\/spd-stadtrat.de\/wp-content\/uploads\/2023\/03\/Baseball-150x150-1.jpg\" alt=\"\" class=\"wp-image-5876\"\/><\/a><\/figure>\n\n\n\n<p><br>Regensburg: Eine wahre Meisterleistung des Teams um den Vorsitzenden Armin Zimmermann.<br>Die&nbsp;Chronik&nbsp;des Erfolgs: Erste Gespr\u00e4che im Juni 2021, Fertigstellung im September 2022 &#8211; und auch noch im Kostenrahmen geblieben: Respekt!<br>Kr\u00e4ftig gef\u00f6rdert wurde das beeindruckende&nbsp;Projekt&nbsp;in der &#8222;Baseball-Hauptstadt Deutschlands&#8220; vom&nbsp;Freistaat&nbsp;Bayern sowie von der&nbsp;Stadt&nbsp;Regensburg. Regierungspr\u00e4sident Walter Jonas hob als Vertreter des Freistaats diese herausragende Leistung hervor,  Sportb\u00fcrgermeisterin&nbsp;Astrid Freudenstein&nbsp;in Vertretung von&nbsp;Oberb\u00fcrgermeisterin Gertrud Schwarzfischer und auch Landr\u00e4tin Tanja Schweiger gratulierte aufgrund der weit \u00fcberregionalen Bedeutung der Regensburger Baseball-Sportst\u00e4tte.<br>Ebenfalls mit dabei: Der Regensburger Tim Fischer, der den Grundstein seiner Karriere&nbsp;bei den Legion\u00e4ren legte und inzwischen bei den Los Angeles Dodgers als Profi unter Vertrag steht.<\/p>\n\n\n\n<p>Foto: Dr. Thomas Burger<\/p>\n","protected":false},"excerpt":{"rendered":"<p>Regensburg: Eine wahre Meisterleistung des Teams um den Vorsitzenden Armin Zimmermann.Die&nbsp;Chronik&nbsp;des Erfolgs: Erste Gespr\u00e4che im Juni 2021, Fertigstellung im September 2022 &#8211; und auch noch im Kostenrahmen geblieben: Respekt!Kr\u00e4ftig gef\u00f6rdert wurde das beeindruckende&nbsp;Projekt&nbsp;in der &#8222;Baseball-Hauptstadt Deutschlands&#8220; vom&nbsp;Freistaat&nbsp;Bayern sowie von der&nbsp;Stadt&nbsp;Regensburg.<\/p>\n","protected":false},"author":3,"featured_media":5874,"comment_status":"closed","ping_status":"open","sticky":false,"template":"","format":"standard","meta":{"ngg_post_thumbnail":0},"categories":[1],"tags":[],"jetpack_featured_media_url":"https:\/\/spd-stadtrat.de\/wp-content\/uploads\/2023\/03\/Baseball.jpg","_links":{"self":[{"href":"https:\/\/spd-stadtrat.de\/index.php?rest_route=\/wp\/v2\/posts\/5853"}],"collection":[{"href":"https:\/\/spd-stadtrat.de\/index.php?rest_route=\/wp\/v2\/posts"}],"about":[{"href":"https:\/\/spd-stadtrat.de\/index.php?rest_route=\/wp\/v2\/types\/post"}],"author":[{"embeddable":true,"href":"https:\/\/spd-stadtrat.de\/index.php?rest_route=\/wp\/v2\/users\/3"}],"replies":[{"embeddable":true,"href":"https:\/\/spd-stadtrat.de\/index.php?rest_route=%2Fwp%2Fv2%2Fcomments&post=5853"}],"version-history":[{"count":4,"href":"https:\/\/spd-stadtrat.de\/index.php?rest_route=\/wp\/v2\/posts\/5853\/revisions"}],"predecessor-version":[{"id":5877,"href":"https:\/\/spd-stadtrat.de\/index.php?rest_route=\/wp\/v2\/posts\/5853\/revisions\/5877"}],"wp:featuredmedia":[{"embeddable":true,"href":"https:\/\/spd-stadtrat.de\/index.php?rest_route=\/wp\/v2\/media\/5874"}],"wp:attachment":[{"href":"https:\/\/spd-stadtrat.de\/index.php?rest_route=%2Fwp%2Fv2%2Fmedia&parent=5853"}],"wp:term":[{"taxonomy":"category","embeddable":true,"href":"https:\/\/spd-stadtrat.de\/index.php?rest_route=%2Fwp%2Fv2%2Fcategories&post=5853"},{"taxonomy":"post_tag","embeddable":true,"href":"https:\/\/spd-stadtrat.de\/index.php?rest_route=%2Fwp%2Fv2%2Ftags&post=5853"}],"curies":[{"name":"wp","href":"https:\/\/api.w.org\/{rel}","templated":true}]}}