{"id":5882,"date":"2023-03-22T09:11:25","date_gmt":"2023-03-22T08:11:25","guid":{"rendered":"https:\/\/spd-stadtrat.de\/?p=5882"},"modified":"2023-03-22T09:11:26","modified_gmt":"2023-03-22T08:11:26","slug":"statement-des-spd-fraktionsvorsitzenden-dr-thomas-burger-zur-schliessung-von-galeria-karstadt-kaufhof-in-der-regensburger-altstadt","status":"publish","type":"post","link":"https:\/\/spd-stadtrat.de\/?p=5882","title":{"rendered":"Statement des SPD-Fraktionsvorsitzenden Dr. Thomas Burger zur Schlie\u00dfung von Galeria Karstadt Kaufhof in der Regensburger Altstadt"},"content":{"rendered":"\n<figure class=\"wp-block-image\"><img src=\"https:\/\/spd-stadtrat.de\/wp-content\/uploads\/2023\/03\/Solidaritaet-mit-Galeria-Kaufhof_20.03.2023-150x150.jpg\" alt=\"\"\/><\/figure>\n\n\n\n<p><\/p>\n\n\n\n<p>Galeria Kaufhof ist deutlich mehr als ein Ort mit einer Nutzung. Die Galeria ist vor allem ein Ort mit vielen Arbeitspl\u00e4tzen, hinter denen Menschen als Besch\u00e4ftigte stehen. Diese m\u00fcssen derzeit im Fokus unserer Bem\u00fchungen stehen. Arbeitspl\u00e4tze m\u00fcssen gesichert, Perspektiven er\u00f6ffnet werden. Hier ist insbesondere auch das \u00fcbergeordnete Management von Galeria Karstadt Kaufhof gefordert; die Besch\u00e4ftigten vor Ort haben in den vergangenen Jahren bereits gezeigt und zeigen es auch heute wieder, was es hei\u00dft, sich mit Herzblut und voller Energie f\u00fcr den Standort einzusetzen.<\/p>\n\n\n\n<p>Ich bin zudem unserer Oberb\u00fcrgermeisterin Gertrud Maltz-Schwarzfischer und den entsprechenden Stellen in der Stadtverwaltung f\u00fcr ihr pers\u00f6nliches Engagement dankbar. Wir stehen an der Seite der Betroffenen, das habe ich auch in meinen pers\u00f6nlichen Gespr\u00e4chen deutlich gemacht. Wir ben\u00f6tigen hier sicher keinen parteipolitischen Schlagabtausch, hier sind starkes gemeinsames Auftreten und Solidarit\u00e4t mit den Betroffenen das Gebot der Stunde.<\/p>\n\n\n\n<p>Foto: Stefan Effenhauser<\/p>\n","protected":false},"excerpt":{"rendered":"<p>Galeria Kaufhof ist deutlich mehr als ein Ort mit einer Nutzung. Die Galeria ist vor allem ein Ort mit vielen Arbeitspl\u00e4tzen, hinter denen Menschen als Besch\u00e4ftigte stehen. Diese m\u00fcssen derzeit im Fokus unserer Bem\u00fchungen stehen. Arbeitspl\u00e4tze m\u00fcssen gesichert, Perspektiven er\u00f6ffnet<\/p>\n","protected":false},"author":3,"featured_media":5881,"comment_status":"closed","ping_status":"open","sticky":false,"template":"","format":"standard","meta":{"ngg_post_thumbnail":0},"categories":[1],"tags":[],"jetpack_featured_media_url":"https:\/\/spd-stadtrat.de\/wp-content\/uploads\/2023\/03\/Solidaritaet-mit-Galeria-Kaufhof_20.03.2023.jpg","_links":{"self":[{"href":"https:\/\/spd-stadtrat.de\/index.php?rest_route=\/wp\/v2\/posts\/5882"}],"collection":[{"href":"https:\/\/spd-stadtrat.de\/index.php?rest_route=\/wp\/v2\/posts"}],"about":[{"href":"https:\/\/spd-stadtrat.de\/index.php?rest_route=\/wp\/v2\/types\/post"}],"author":[{"embeddable":true,"href":"https:\/\/spd-stadtrat.de\/index.php?rest_route=\/wp\/v2\/users\/3"}],"replies":[{"embeddable":true,"href":"https:\/\/spd-stadtrat.de\/index.php?rest_route=%2Fwp%2Fv2%2Fcomments&post=5882"}],"version-history":[{"count":1,"href":"https:\/\/spd-stadtrat.de\/index.php?rest_route=\/wp\/v2\/posts\/5882\/revisions"}],"predecessor-version":[{"id":5883,"href":"https:\/\/spd-stadtrat.de\/index.php?rest_route=\/wp\/v2\/posts\/5882\/revisions\/5883"}],"wp:featuredmedia":[{"embeddable":true,"href":"https:\/\/spd-stadtrat.de\/index.php?rest_route=\/wp\/v2\/media\/5881"}],"wp:attachment":[{"href":"https:\/\/spd-stadtrat.de\/index.php?rest_route=%2Fwp%2Fv2%2Fmedia&parent=5882"}],"wp:term":[{"taxonomy":"category","embeddable":true,"href":"https:\/\/spd-stadtrat.de\/index.php?rest_route=%2Fwp%2Fv2%2Fcategories&post=5882"},{"taxonomy":"post_tag","embeddable":true,"href":"https:\/\/spd-stadtrat.de\/index.php?rest_route=%2Fwp%2Fv2%2Ftags&post=5882"}],"curies":[{"name":"wp","href":"https:\/\/api.w.org\/{rel}","templated":true}]}}