{"id":5895,"date":"2023-03-27T10:29:35","date_gmt":"2023-03-27T08:29:35","guid":{"rendered":"https:\/\/spd-stadtrat.de\/?p=5895"},"modified":"2023-03-27T10:29:36","modified_gmt":"2023-03-27T08:29:36","slug":"fraktionsvorsitzender-dr-thomas-burger-wuerdigt-das-engagement-der-freiwilligen-feuerwehren","status":"publish","type":"post","link":"https:\/\/spd-stadtrat.de\/?p=5895","title":{"rendered":"Fraktionsvorsitzender Dr. Thomas Burger w\u00fcrdigt das Engagement der Freiwilligen Feuerwehren"},"content":{"rendered":"\n<figure class=\"wp-block-image size-full\"><a href=\"https:\/\/spd-stadtrat.de\/wp-content\/uploads\/2023\/03\/Feuerwehr-Grass_24.03.2023-150x150-1.jpg\"><img loading=\"lazy\" width=\"150\" height=\"150\" src=\"https:\/\/spd-stadtrat.de\/wp-content\/uploads\/2023\/03\/Feuerwehr-Grass_24.03.2023-150x150-1.jpg\" alt=\"\" class=\"wp-image-5897\"\/><\/a><\/figure>\n\n\n\n<p><\/p>\n\n\n\n<p>Die Freiwilligen Feuerwehren sind,  wie das Ehrenamt \u00fcberhaupt, eine tragende S\u00e4ule unserer Gesellschaft. Unser SPD-Fraktionsvorsitzender Dr. Thomas Burger, selbst leidenschaftlicher Feuerwehrler und ehemaliger Vorsitzender, nahm an der Versammlung der Freiwilligen Feuerwehr Gra\u00df teil und \u00fcberbrachte zugleich die Gr\u00fc\u00dfe von Oberb\u00fcrgermeisterin Gertrud Maltz-Schwarzfischer. Beeindruckende Berichte und verdiente Ehrungen pr\u00e4gten den Abend!<\/p>\n\n\n\n<p>Eine Premiere war es f\u00fcr Thomas Maier als neuem Vorsitzenden. Dr. Thomas Burger wird nun als Verwaltungsbeirat und Fraktionsvorsitzender bei seiner Feuerwehr dabei sein.<\/p>\n\n\n\n<p>Er dankte auch den Kommandanten Martin Salbeck und Christine Assmann sowie den Jugendwarten Stefan Biersack und Valentin Heilmeier sowie allen f\u00fcr ihren herausragenden Einsatz!<\/p>\n\n\n\n<p>Foto: Dr. Thomas Burger<\/p>\n","protected":false},"excerpt":{"rendered":"<p>Die Freiwilligen Feuerwehren sind, wie das Ehrenamt \u00fcberhaupt, eine tragende S\u00e4ule unserer Gesellschaft. Unser SPD-Fraktionsvorsitzender Dr. Thomas Burger, selbst leidenschaftlicher Feuerwehrler und ehemaliger Vorsitzender, nahm an der Versammlung der Freiwilligen Feuerwehr Gra\u00df teil und \u00fcberbrachte zugleich die Gr\u00fc\u00dfe von Oberb\u00fcrgermeisterin<\/p>\n","protected":false},"author":3,"featured_media":5896,"comment_status":"closed","ping_status":"open","sticky":false,"template":"","format":"standard","meta":{"ngg_post_thumbnail":0},"categories":[1],"tags":[],"jetpack_featured_media_url":"https:\/\/spd-stadtrat.de\/wp-content\/uploads\/2023\/03\/Feuerwehr-Grass_24.03.2023.jpg","_links":{"self":[{"href":"https:\/\/spd-stadtrat.de\/index.php?rest_route=\/wp\/v2\/posts\/5895"}],"collection":[{"href":"https:\/\/spd-stadtrat.de\/index.php?rest_route=\/wp\/v2\/posts"}],"about":[{"href":"https:\/\/spd-stadtrat.de\/index.php?rest_route=\/wp\/v2\/types\/post"}],"author":[{"embeddable":true,"href":"https:\/\/spd-stadtrat.de\/index.php?rest_route=\/wp\/v2\/users\/3"}],"replies":[{"embeddable":true,"href":"https:\/\/spd-stadtrat.de\/index.php?rest_route=%2Fwp%2Fv2%2Fcomments&post=5895"}],"version-history":[{"count":1,"href":"https:\/\/spd-stadtrat.de\/index.php?rest_route=\/wp\/v2\/posts\/5895\/revisions"}],"predecessor-version":[{"id":5898,"href":"https:\/\/spd-stadtrat.de\/index.php?rest_route=\/wp\/v2\/posts\/5895\/revisions\/5898"}],"wp:featuredmedia":[{"embeddable":true,"href":"https:\/\/spd-stadtrat.de\/index.php?rest_route=\/wp\/v2\/media\/5896"}],"wp:attachment":[{"href":"https:\/\/spd-stadtrat.de\/index.php?rest_route=%2Fwp%2Fv2%2Fmedia&parent=5895"}],"wp:term":[{"taxonomy":"category","embeddable":true,"href":"https:\/\/spd-stadtrat.de\/index.php?rest_route=%2Fwp%2Fv2%2Fcategories&post=5895"},{"taxonomy":"post_tag","embeddable":true,"href":"https:\/\/spd-stadtrat.de\/index.php?rest_route=%2Fwp%2Fv2%2Ftags&post=5895"}],"curies":[{"name":"wp","href":"https:\/\/api.w.org\/{rel}","templated":true}]}}