{"id":5975,"date":"2023-04-26T07:42:21","date_gmt":"2023-04-26T05:42:21","guid":{"rendered":"https:\/\/spd-stadtrat.de\/?p=5975"},"modified":"2023-04-26T07:42:21","modified_gmt":"2023-04-26T05:42:21","slug":"spd-fraktion-nimmt-am-gedenkweg-fuer-die-opfer-des-nationalsozialismus-teil","status":"publish","type":"post","link":"https:\/\/spd-stadtrat.de\/?p=5975","title":{"rendered":"SPD-Fraktion nimmt am Gedenkweg f\u00fcr die Opfer des Nationalsozialismus teil"},"content":{"rendered":"\n<p><\/p>\n\n\n\n<figure class=\"wp-block-image size-full\"><a href=\"https:\/\/spd-stadtrat.de\/wp-content\/uploads\/2023\/04\/Gedenkweg-2023-fuer-die-Opfer-des-Faschismus-1_23.04.2023-150x150-1.jpg\"><img loading=\"lazy\" width=\"150\" height=\"150\" src=\"https:\/\/spd-stadtrat.de\/wp-content\/uploads\/2023\/04\/Gedenkweg-2023-fuer-die-Opfer-des-Faschismus-1_23.04.2023-150x150-1.jpg\" alt=\"\" class=\"wp-image-5977\"\/><\/a><\/figure>\n\n\n\n<p>400 Gefangene wurden in der Nacht vom 23. April 1945 auf einem Todesmarsch von Regensburg aus in Richtung Landshut getrieben. Daran erinnert die Stadt mit einem j\u00e4hrlich stattfindenden Gedenkweg, der vom ehemaligen KZ-Au\u00dfenlager Flossenb\u00fcrg im Colosseum in Stadtamhof \u00fcber das Westportal des Doms und den Neupfarrplatz zur Synagoge sowie zum Georgenplatz f\u00fchrt und schlie\u00dflich am Mahnmal am Dachauplatz endet. F\u00fcr die SPD-Stadtratsfraktion gingen Oberb\u00fcrgermeisterin Gertrud Maltz-Schwarzfischer, Fraktionsvorsitzender Dr. Thomas Burger und Stadtrat Alexander Irmisch die verschiedenen Stationen des Regensburger Gedenkwegs mit. Der von der SPD im 3. Reich geleistete Widerstand ist bis heute Anspruch und Verpflichtung mit einem \u00fcberzeugten: \u201eNie wieder!\u201c<\/p>\n\n\n\n<p>Foto: Martin Stauder<\/p>\n","protected":false},"excerpt":{"rendered":"<p>400 Gefangene wurden in der Nacht vom 23. April 1945 auf einem Todesmarsch von Regensburg aus in Richtung Landshut getrieben. Daran erinnert die Stadt mit einem j\u00e4hrlich stattfindenden Gedenkweg, der vom ehemaligen KZ-Au\u00dfenlager Flossenb\u00fcrg im Colosseum in Stadtamhof \u00fcber das<\/p>\n","protected":false},"author":3,"featured_media":5976,"comment_status":"closed","ping_status":"open","sticky":false,"template":"","format":"standard","meta":{"ngg_post_thumbnail":0},"categories":[1],"tags":[],"jetpack_featured_media_url":"https:\/\/spd-stadtrat.de\/wp-content\/uploads\/2023\/04\/Gedenkweg-2023-fuer-die-Opfer-des-Faschismus-1_23.04.2023.jpg","_links":{"self":[{"href":"https:\/\/spd-stadtrat.de\/index.php?rest_route=\/wp\/v2\/posts\/5975"}],"collection":[{"href":"https:\/\/spd-stadtrat.de\/index.php?rest_route=\/wp\/v2\/posts"}],"about":[{"href":"https:\/\/spd-stadtrat.de\/index.php?rest_route=\/wp\/v2\/types\/post"}],"author":[{"embeddable":true,"href":"https:\/\/spd-stadtrat.de\/index.php?rest_route=\/wp\/v2\/users\/3"}],"replies":[{"embeddable":true,"href":"https:\/\/spd-stadtrat.de\/index.php?rest_route=%2Fwp%2Fv2%2Fcomments&post=5975"}],"version-history":[{"count":1,"href":"https:\/\/spd-stadtrat.de\/index.php?rest_route=\/wp\/v2\/posts\/5975\/revisions"}],"predecessor-version":[{"id":5978,"href":"https:\/\/spd-stadtrat.de\/index.php?rest_route=\/wp\/v2\/posts\/5975\/revisions\/5978"}],"wp:featuredmedia":[{"embeddable":true,"href":"https:\/\/spd-stadtrat.de\/index.php?rest_route=\/wp\/v2\/media\/5976"}],"wp:attachment":[{"href":"https:\/\/spd-stadtrat.de\/index.php?rest_route=%2Fwp%2Fv2%2Fmedia&parent=5975"}],"wp:term":[{"taxonomy":"category","embeddable":true,"href":"https:\/\/spd-stadtrat.de\/index.php?rest_route=%2Fwp%2Fv2%2Fcategories&post=5975"},{"taxonomy":"post_tag","embeddable":true,"href":"https:\/\/spd-stadtrat.de\/index.php?rest_route=%2Fwp%2Fv2%2Ftags&post=5975"}],"curies":[{"name":"wp","href":"https:\/\/api.w.org\/{rel}","templated":true}]}}