{"id":5991,"date":"2023-04-27T14:44:17","date_gmt":"2023-04-27T12:44:17","guid":{"rendered":"https:\/\/spd-stadtrat.de\/?p=5991"},"modified":"2023-04-27T14:44:18","modified_gmt":"2023-04-27T12:44:18","slug":"spd-fraktion-unterstuetzt-tariftreue-der-stadt-regensburg-verantwortliches-wirtschaften-und-faire-loehne-sind-ausdruck-sozialer-gerechtigkeit","status":"publish","type":"post","link":"https:\/\/spd-stadtrat.de\/?p=5991","title":{"rendered":"SPD-Fraktion unterst\u00fctzt Tariftreue der Stadt Regensburg: Verantwortliches Wirtschaften und faire L\u00f6hne sind Ausdruck sozialer Gerechtigkeit"},"content":{"rendered":"\n<figure class=\"wp-block-image\"><img src=\"https:\/\/spd-stadtrat.de\/wp-content\/uploads\/2023\/04\/Maiempfang-1_SPDFraktion-u-DGB_2023-150x150.jpg\" alt=\"\"\/><\/figure>\n\n\n\n<p><\/p>\n\n\n\n<p>Die SPD-Stadtratsfraktion begr\u00fc\u00dft die Umsetzung der SPD-Forderung nach Ber\u00fccksichtigung von Tariftreue bei st\u00e4dtischen Vergaben durch Oberb\u00fcrgermeisterin Gertrud Maltz-Schwarzfischer, die nun in Abstimmung mit dem Deutschen Gewerkschaftsbund (DGB) erfolgt.<\/p>\n\n\n\n<p>Fraktionsvorsitzender Dr. Thomas Burger betont, dass Tariftreue gerade in diesen unsicheren Zeiten wichtiger sei denn je: \u201eEs ist ein zutiefst sozialdemokratischer Gedanke, dass gute Arbeitsbedingungen f\u00fcr die Menschen herrschen m\u00fcssen. Gerade die \u00f6ffentliche Hand und wir als Stadt unter SPD-F\u00fchrung nehmen hier eine Vorbildrolle ein, die uns sehr ernst ist.\u201c Dies w\u00fcrde auch die am 1. April 2023 in Kraft getretene Fortschreibung der Vergaberichtlinie f\u00fcr \u00f6ffentliche Auftr\u00e4ge zeigen. Nachhaltiges und verantwortliches Wirtschaften, auch bei der Auftragsvergabe, sowie faire L\u00f6hne seien Ausdruck sozialer Gerechtigkeit und der Wertsch\u00e4tzung den Besch\u00e4ftigten gegen\u00fcber, so Burger weiter.<\/p>\n\n\n\n<p>Die SPD forderte Tariftreue schon seit einigen Jahren. Auf deren Betreiben fand sich daher auch eine entsprechende Formulierung zur Tariftreue in der aktuellen Koalitionsvereinbarung: \u201eWir wollen, dass die Stadt Regensburg und die st\u00e4dtischen T\u00f6chter Tariftreue beachten. Auftr\u00e4ge sollen deshalb in Zukunft nur noch an solche Unternehmen vergeben werden d\u00fcrfen, die tariftreu sind. Auf Landesebene werden wir uns \u00fcber den Bayerischen St\u00e4dtetag f\u00fcr eine landesgesetzlich verankerte Tariftreueregelung einsetzen.\u201c Burgers Stellvertreter Dr. Klaus Rappert, Fraktionssprecher im Bau- und Vergabeausschuss, unterstreicht: \u201eAuch hier tr\u00e4gt der Vertrag deutlich die Handschrift der SPD.\u201c<\/p>\n\n\n\n<p>&#8222;Dies ist ein wichtiger Schritt in die richtige Richtung. Bayern muss nun endlich auch auf L\u00e4nderebene handeln, schlie\u00dflich ist Bayern seit dem 01.01.2015 das letzte Bundesland ohne Tariftreue- und Vergabegesetz\u201c, betont SPD-Fraktionschef Burger: \u201eWir d\u00fcrfen nicht nachlassen, uns f\u00fcr soziale Gerechtigkeit gerade auf dem Arbeitsmarkt einzusetzen. Gute Arbeitsbedingungen und faire L\u00f6hne sind wir den Besch\u00e4ftigten in unserer Stadt und in unserem Land schuldig. Auf ihren Schultern ruht die Stabilit\u00e4t unserer Gesellschaft. Daher ist es umso bedauernswerter, dass bislang im Bayerischen Landtag alle SPD-Vorst\u00f6\u00dfe zur Einf\u00fchrung eines Tariftreue- und Vergabegesetzes an der CSU-gef\u00fchrten bayerischen Landesregierung gescheitert sind. Wir hier in Regensburg zeigen, wie es richtig geht!\u201c<\/p>\n\n\n\n<p>Foto: Dr. Thomas Burger<\/p>\n","protected":false},"excerpt":{"rendered":"<p>Die SPD-Stadtratsfraktion begr\u00fc\u00dft die Umsetzung der SPD-Forderung nach Ber\u00fccksichtigung von Tariftreue bei st\u00e4dtischen Vergaben durch Oberb\u00fcrgermeisterin Gertrud Maltz-Schwarzfischer, die nun in Abstimmung mit dem Deutschen Gewerkschaftsbund (DGB) erfolgt. Fraktionsvorsitzender Dr. Thomas Burger betont, dass Tariftreue gerade in diesen unsicheren Zeiten<\/p>\n","protected":false},"author":3,"featured_media":5993,"comment_status":"closed","ping_status":"open","sticky":false,"template":"","format":"standard","meta":{"ngg_post_thumbnail":0},"categories":[1],"tags":[],"jetpack_featured_media_url":"https:\/\/spd-stadtrat.de\/wp-content\/uploads\/2023\/04\/Maiempfang-1_SPDFraktion-u-DGB_2023.jpg","_links":{"self":[{"href":"https:\/\/spd-stadtrat.de\/index.php?rest_route=\/wp\/v2\/posts\/5991"}],"collection":[{"href":"https:\/\/spd-stadtrat.de\/index.php?rest_route=\/wp\/v2\/posts"}],"about":[{"href":"https:\/\/spd-stadtrat.de\/index.php?rest_route=\/wp\/v2\/types\/post"}],"author":[{"embeddable":true,"href":"https:\/\/spd-stadtrat.de\/index.php?rest_route=\/wp\/v2\/users\/3"}],"replies":[{"embeddable":true,"href":"https:\/\/spd-stadtrat.de\/index.php?rest_route=%2Fwp%2Fv2%2Fcomments&post=5991"}],"version-history":[{"count":1,"href":"https:\/\/spd-stadtrat.de\/index.php?rest_route=\/wp\/v2\/posts\/5991\/revisions"}],"predecessor-version":[{"id":5994,"href":"https:\/\/spd-stadtrat.de\/index.php?rest_route=\/wp\/v2\/posts\/5991\/revisions\/5994"}],"wp:featuredmedia":[{"embeddable":true,"href":"https:\/\/spd-stadtrat.de\/index.php?rest_route=\/wp\/v2\/media\/5993"}],"wp:attachment":[{"href":"https:\/\/spd-stadtrat.de\/index.php?rest_route=%2Fwp%2Fv2%2Fmedia&parent=5991"}],"wp:term":[{"taxonomy":"category","embeddable":true,"href":"https:\/\/spd-stadtrat.de\/index.php?rest_route=%2Fwp%2Fv2%2Fcategories&post=5991"},{"taxonomy":"post_tag","embeddable":true,"href":"https:\/\/spd-stadtrat.de\/index.php?rest_route=%2Fwp%2Fv2%2Ftags&post=5991"}],"curies":[{"name":"wp","href":"https:\/\/api.w.org\/{rel}","templated":true}]}}