{"id":6009,"date":"2023-05-10T09:51:38","date_gmt":"2023-05-10T07:51:38","guid":{"rendered":"https:\/\/spd-stadtrat.de\/?p=6009"},"modified":"2023-05-10T10:08:17","modified_gmt":"2023-05-10T08:08:17","slug":"regensburg-beginnt-in-kumpfmuehl-spd-fraktion-dankt-gruender-hubert-h-wartner-fuer-seine-verdienste-um-den-geschichts-und-kulturverein-regensburg-kumpfmuehl-und-gratuliert-dem-neu","status":"publish","type":"post","link":"https:\/\/spd-stadtrat.de\/?p=6009","title":{"rendered":"<strong>\u201eRegensburg beginnt in Kumpfm\u00fchl\u201c: SPD-Fraktion dankt Gr\u00fcnder Hubert H. Wartner f\u00fcr seine Verdienste um den Geschichts- und Kulturverein Regensburg-Kumpfm\u00fchl und gratuliert dem neuen Vorsitzenden Dr. Rainer Girg<\/strong>"},"content":{"rendered":"\n<p><\/p>\n\n\n\n<figure class=\"wp-block-image size-full\"><a href=\"https:\/\/spd-stadtrat.de\/wp-content\/uploads\/2023\/05\/GKVR_Verabschiedung-Hubert-H.-Wartner-1_2023-150x150-1.jpg\"><img loading=\"lazy\" width=\"150\" height=\"150\" src=\"https:\/\/spd-stadtrat.de\/wp-content\/uploads\/2023\/05\/GKVR_Verabschiedung-Hubert-H.-Wartner-1_2023-150x150-1.jpg\" alt=\"\" class=\"wp-image-6021\"\/><\/a><\/figure>\n\n\n\n<p>Hubert H. Wartner, seit der Gr\u00fcndung 1. Vorsitzender und Gesicht des Geschichtsvereins Regensburg-Kumpfm\u00fchl (GKVR), wurde im Rahmen der Mitgliederversammlung aus seinem Amt verabschiedet. Nach \u00fcber 15 Jahren gab er den Vorsitz ab. 2007 hatte Wartner mit mehreren Mitstreiterinnen und Mitstreitern den Verein gegr\u00fcndet und sich seither unz\u00e4hlige Verdienste um die Geschichtserforschung Regensburgs und Kumpfm\u00fchls erworben; von der R\u00f6merzeit bis heute reicht sein kultureller Beitrag zum vertieften Wissen um die Regensburger Stadtgeschichte. &#8222;Regensburg beginnt in Kumpfm\u00fchl&#8220;, das war und ist sein historisches Credo, zur\u00fcckgehend auf die Anf\u00e4nge als r\u00f6misches Kastell um 80 n. Christus. Seine Mitwirkung am Regensburger Almanach, an der Neuausgabe des Regensburg-Kompendiums von Karl Bauer, die Herausgabe der Festschrift des GKVR, das Periodikum \u201eDer Vitusbach\u201c sowie die Stiftung des Brunnenpreises f\u00fcr verdiente Kumpfm\u00fchlerinnen und Kumpfm\u00fchler sprechen B\u00e4nde. Auch der Kontaktpflege mit den Regensburger Partnerst\u00e4dten, vor allem zu Aberdeen und Brixen, galt seine Leidenschaft.&nbsp;<\/p>\n\n\n\n<p>F\u00fcr seine Verdienste wurde er von der Mitgliederversammlung zum Ehrenvorsitzenden ernannt. Auch SPD-Fraktionsvorsitzender Dr. Thomas Burger und SPD-Fraktionsgesch\u00e4ftsf\u00fchrerin Silvia Gross, beide langj\u00e4hrige Mitglieder des mittlerweile 106 Mitglieder starken GKVR, Burger seines Zeichens auch Brunnenpreistr\u00e4ger, machten ihre Aufwartung und \u00fcberreichten einen roten Salutaris an Hubert H. Wartner sowie Frauen-Power-Pralinen an seine Gattin Dorothea Milewski-Wartner. Ihre Gratulation \u00fcberbrachten sie zugleich dem neu gew\u00e4hlten 1. Vorsitzenden Dr. Rainer Girg.<\/p>\n\n\n\n<p>\u201cEine \u00c4ra geht zu Ende. Hubert Wartner hat in den vergangenen 15 Jahren rein ehrenamtlich unglaublich viel geleistet und unz\u00e4hligen Menschen die Geschichte Regensburgs und insbesondere meines Stadtteils Kumpfm\u00fchls auf lebendige Weise n\u00e4hergebracht. Sein Wirken war dabei stets auf Nachhaltigkeit ausgerichtet, nicht auf den kurzfristigen Erfolg\u201c, res\u00fcmiert Burger die \u00c4ra Wartner im GKVR: \u201eSein Engagement kann daher nicht hoch genug gesch\u00e4tzt werden.\u201c<\/p>\n\n\n\n<p>Fotos: Stefan Wacker<\/p>\n\n\n\n<p><\/p>\n\n\n\n<p><\/p>\n\n\n\n<p> <\/p>\n\n\n\n<p>Bild: SPD-Fraktionsvorsitzender Dr. Thomas Burger w\u00fcrdigt die Leistungen des scheidenden 1. Vorsitzenden des GKVR, Hubert H. Wartner.<\/p>\n\n\n\n<p>Von links: SPD-Fraktionsvorsitzender Dr. Thomas Burger, Ehrenvorsitzender Hubert H. Wartner, Dorothea Milewski-Wartner, SPD-Fraktionsgesch\u00e4ftsf\u00fchrerin Silvia Gross<\/p>\n","protected":false},"excerpt":{"rendered":"<p>Hubert H. Wartner, seit der Gr\u00fcndung 1. Vorsitzender und Gesicht des Geschichtsvereins Regensburg-Kumpfm\u00fchl (GKVR), wurde im Rahmen der Mitgliederversammlung aus seinem Amt verabschiedet. Nach \u00fcber 15 Jahren gab er den Vorsitz ab. 2007 hatte Wartner mit mehreren Mitstreiterinnen und Mitstreitern<\/p>\n","protected":false},"author":3,"featured_media":6020,"comment_status":"closed","ping_status":"open","sticky":false,"template":"","format":"standard","meta":{"ngg_post_thumbnail":0},"categories":[1],"tags":[],"jetpack_featured_media_url":"https:\/\/spd-stadtrat.de\/wp-content\/uploads\/2023\/05\/GKVR_Verabschiedung-Hubert-H.-Wartner-1_2023.jpg","_links":{"self":[{"href":"https:\/\/spd-stadtrat.de\/index.php?rest_route=\/wp\/v2\/posts\/6009"}],"collection":[{"href":"https:\/\/spd-stadtrat.de\/index.php?rest_route=\/wp\/v2\/posts"}],"about":[{"href":"https:\/\/spd-stadtrat.de\/index.php?rest_route=\/wp\/v2\/types\/post"}],"author":[{"embeddable":true,"href":"https:\/\/spd-stadtrat.de\/index.php?rest_route=\/wp\/v2\/users\/3"}],"replies":[{"embeddable":true,"href":"https:\/\/spd-stadtrat.de\/index.php?rest_route=%2Fwp%2Fv2%2Fcomments&post=6009"}],"version-history":[{"count":2,"href":"https:\/\/spd-stadtrat.de\/index.php?rest_route=\/wp\/v2\/posts\/6009\/revisions"}],"predecessor-version":[{"id":6023,"href":"https:\/\/spd-stadtrat.de\/index.php?rest_route=\/wp\/v2\/posts\/6009\/revisions\/6023"}],"wp:featuredmedia":[{"embeddable":true,"href":"https:\/\/spd-stadtrat.de\/index.php?rest_route=\/wp\/v2\/media\/6020"}],"wp:attachment":[{"href":"https:\/\/spd-stadtrat.de\/index.php?rest_route=%2Fwp%2Fv2%2Fmedia&parent=6009"}],"wp:term":[{"taxonomy":"category","embeddable":true,"href":"https:\/\/spd-stadtrat.de\/index.php?rest_route=%2Fwp%2Fv2%2Fcategories&post=6009"},{"taxonomy":"post_tag","embeddable":true,"href":"https:\/\/spd-stadtrat.de\/index.php?rest_route=%2Fwp%2Fv2%2Ftags&post=6009"}],"curies":[{"name":"wp","href":"https:\/\/api.w.org\/{rel}","templated":true}]}}